{"id":13581,"date":"2020-06-11T12:13:55","date_gmt":"2020-06-11T17:13:55","guid":{"rendered":"http:\/\/www.zonaroja.com.mx\/?p=13581"},"modified":"2020-06-11T12:28:58","modified_gmt":"2020-06-11T17:28:58","slug":"el-covid-19-llega-a-sacerdote-de-la-arquidiocesis-de-antequera","status":"publish","type":"post","link":"https:\/\/zonaroja.com.mx\/?p=13581","title":{"rendered":"El Covid-19 llega a sacerdote de la Arquidi\u00f3cesis de Antequera"},"content":{"rendered":"\n<p>Evlin Arag\u00f3n\/Zona Roja.<\/p>\n\n\n\n<p>Oaxaca de Ju\u00e1rez, Oax., 11 de junio\nde 2020.- El Arzobispo de Antequera Oaxaca, Pedro V\u00e1squez Villalobos, confirm\u00f3\nque un sacerdote dio positivo al Covid-19, por lo que la familia cat\u00f3lica\ntambi\u00e9n padece el sufrimiento que el virus genera en estos momentos en buena\nparte del mundo.<\/p>\n\n\n\n<p>\u201cNosotros como familia sacerdotal no\nestamos exentos de padecer el sufrimiento que este virus genera, lo estamos\nviviendo en la persona de una hermano sacerdote por quien imploramos su pronta\nrecuperaci\u00f3n y salud\u201d, refiri\u00f3.<\/p>\n\n\n\n<p>Lo anterior lo inform\u00f3 en un\ncomunicado fechado el 10 de junio, en el que, aunque no dio a conocer el nombre\no la iglesia a la que pertenece el cl\u00e9rigo, s\u00ed pidi\u00f3 a la comunidad de\nsacerdotes y al pueblo oaxaque\u00f1o no bajar la guardia y seguir las indicaciones\nsanitarias, de forma particular en esta temporada de alto contagio en la\nentidad oaxaque\u00f1a.<\/p>\n\n\n\n<p>\u201cEs importante que no bajemos la guardia, hay que seguir las indicaciones sanitarias ya se\u00f1aladas y que intensifiquemos no solamente la oraci\u00f3n, sino tambi\u00e9n la solidaridad por encima de cualquier inter\u00e9s e ideolog\u00eda\u201d, se\u00f1al\u00f3.<\/p>\n\n\n\n<figure class=\"wp-block-image\"><img decoding=\"async\" width=\"720\" height=\"998\" src=\"http:\/\/www.zonaroja.com.mx\/wp-content\/uploads\/2020\/06\/Carta-Arquidi\u00f3cesos.jpg\" alt=\"\" class=\"wp-image-13583\" srcset=\"https:\/\/zonaroja.com.mx\/wp-content\/uploads\/2020\/06\/Carta-Arquidi\u00f3cesos.jpg 720w, https:\/\/zonaroja.com.mx\/wp-content\/uploads\/2020\/06\/Carta-Arquidi\u00f3cesos-216x300.jpg 216w, https:\/\/zonaroja.com.mx\/wp-content\/uploads\/2020\/06\/Carta-Arquidi\u00f3cesos-585x811.jpg 585w\" sizes=\"(max-width: 720px) 100vw, 720px\" \/><\/figure>\n\n\n\n<p>V\u00e1squez Villalobos lament\u00f3 el aumento\nde contagios en muchas de las comunidades de la entidad, afectando de forma\nparticular a las personas que viven en vulnerabilidad, por lo que dijo\nmantienen la oraci\u00f3n desde el confinamiento y a distancia, actuando de forma\nresponsable.<\/p>\n\n\n\n<p>\u201cLamentamos el aumento de contagio\nque eta generando el SARS-CoV-2 causante del Covid-19, en muchas comunidades\ndel estado de Oaxaca, que afecta fuertemente a las personas que viven en\nvulnerabilidad\u201d, manifest\u00f3.<\/p>\n\n\n\n<p>Por lo anterior, convoc\u00f3 a la\ncomunidad feligresa a la Jornada Diocesana de Oraci\u00f3n, la cual se llevar\u00e1 a\ncabo del jueves 11 al domingo 14 de junio, en la que se invita a elevar\noraciones de forma especial para la prona que sufren y experimenta afectaciones\na su salud por el Covid-19 y por el deceso de sus seres queridos.&nbsp; <\/p>\n","protected":false},"excerpt":{"rendered":"<p>Evlin Arag\u00f3n\/Zona Roja. Oaxaca de Ju\u00e1rez, Oax., 11 de junio de 2020.- El Arzobispo de&hellip;<\/p>\n","protected":false},"author":2,"featured_media":5625,"comment_status":"closed","ping_status":"open","sticky":false,"template":"","format":"standard","meta":{"_lmt_disableupdate":"","_lmt_disable":"","_jetpack_memberships_contains_paid_content":false,"footnotes":""},"categories":[109,47],"tags":[1512],"class_list":["post-13581","post","type-post","status-publish","format-standard","has-post-thumbnail","hentry","category-minuto-a-minuto","category-zona-gris","tag-coronavirus-oaxaca"],"jetpack_featured_media_url":"https:\/\/zonaroja.com.mx\/wp-content\/uploads\/2019\/11\/Pedro-V\u00e1zquez-Villalobos.png","jetpack_sharing_enabled":true,"_links":{"self":[{"href":"https:\/\/zonaroja.com.mx\/index.php?rest_route=\/wp\/v2\/posts\/13581","targetHints":{"allow":["GET"]}}],"collection":[{"href":"https:\/\/zonaroja.com.mx\/index.php?rest_route=\/wp\/v2\/posts"}],"about":[{"href":"https:\/\/zonaroja.com.mx\/index.php?rest_route=\/wp\/v2\/types\/post"}],"author":[{"embeddable":true,"href":"https:\/\/zonaroja.com.mx\/index.php?rest_route=\/wp\/v2\/users\/2"}],"replies":[{"embeddable":true,"href":"https:\/\/zonaroja.com.mx\/index.php?rest_route=%2Fwp%2Fv2%2Fcomments&post=13581"}],"version-history":[{"count":2,"href":"https:\/\/zonaroja.com.mx\/index.php?rest_route=\/wp\/v2\/posts\/13581\/revisions"}],"predecessor-version":[{"id":13584,"href":"https:\/\/zonaroja.com.mx\/index.php?rest_route=\/wp\/v2\/posts\/13581\/revisions\/13584"}],"wp:featuredmedia":[{"embeddable":true,"href":"https:\/\/zonaroja.com.mx\/index.php?rest_route=\/wp\/v2\/media\/5625"}],"wp:attachment":[{"href":"https:\/\/zonaroja.com.mx\/index.php?rest_route=%2Fwp%2Fv2%2Fmedia&parent=13581"}],"wp:term":[{"taxonomy":"category","embeddable":true,"href":"https:\/\/zonaroja.com.mx\/index.php?rest_route=%2Fwp%2Fv2%2Fcategories&post=13581"},{"taxonomy":"post_tag","embeddable":true,"href":"https:\/\/zonaroja.com.mx\/index.php?rest_route=%2Fwp%2Fv2%2Ftags&post=13581"}],"curies":[{"name":"wp","href":"https:\/\/api.w.org\/{rel}","templated":true}]}}