{"id":13585,"date":"2020-06-11T14:04:14","date_gmt":"2020-06-11T19:04:14","guid":{"rendered":"http:\/\/www.zonaroja.com.mx\/?p=13585"},"modified":"2020-06-11T14:31:15","modified_gmt":"2020-06-11T19:31:15","slug":"revelan-otro-caso-de-brutalidad-policiaca-ahora-en-huitzo-oaxaca","status":"publish","type":"post","link":"https:\/\/zonaroja.com.mx\/?p=13585","title":{"rendered":"Revelan otro caso de brutalidad policiaca, ahora en Huitzo, Oaxaca"},"content":{"rendered":"\n<p>Evlin Arag\u00f3n\/Zona Roja.<\/p>\n\n\n\n<p>Oaxaca de Ju\u00e1rez, Oax., 11 de junio\nde 2020.- Tras el asesinato de Alexander en Acatl\u00e1n de P\u00e9rez Figueroa, otro caso\nde probable brutalidad policiaca fue revelado en San Pablo Huitzo, Oaxaca.<\/p>\n\n\n\n<p>M\u00e1s de un mes ha pasado, desde el\nataque del que fueron v\u00edctimas dos j\u00f3venes en ese municipio del distrito de\nEtla, regi\u00f3n Valles Centrales, sin que exista la investigaci\u00f3n pertinente por\nla Fiscal\u00eda General de Estado de Oaxaca.<\/p>\n\n\n\n<p>Ello a pesar que una de las v\u00edctimas\nmuri\u00f3 debido a los golpes que sufrieron a manos de pobladores de la localidad y\nen probable complicidad con la autoridad municipal y elementos de la polic\u00eda.<\/p>\n\n\n\n<p>As\u00ed fueron descritos los hechos por\nJaciel L. P., una de las v\u00edctimas del ataque, quien a trav\u00e9s de un video que\napenas se hizo p\u00fablico en las redes sociales, refiri\u00f3 que el 6 de mayo \u00e9l y su\nhermano Diego E. L. P. fueron atacados a golpes en dos ocasiones por pobladores\nde la localidad, sin motivo aparente, en inmediaciones de la antigua estaci\u00f3n\ndel tren.<\/p>\n\n\n\n<p>En la primera ocasi\u00f3n, los hermanos\npudieron hacerle frente a la agresi\u00f3n y no paso a mayores; sin embargo, todo se\ncomplic\u00f3 con la intervenci\u00f3n de la polic\u00eda municipal, que los detuvo se\u00f1alados\npor el delito de robo y los trasladaron a las oficinas de la S\u00edndica Municipal,\nMartha Isabel H.<\/p>\n\n\n\n<p>\u201cLleg\u00f3 la patrulla, se bajan y me\nse\u00f1ala el comandante Abraham directamente a m\u00ed, me dijo est\u00e1s detenido por\nrobo. Yo le dije, pero porque, a quien rob\u00e9. \u00c9l me dijo eso lo vez hasta all\u00e1\u2026\nEs a las buenas o es a las malas y yo dije para que necesidad, deje que me\nesposaran y me sub\u00ed junto con mi hermano a la patrulla\u201d, relata el joven en el\nvideo.<\/p>\n\n\n\n<p>De acuerdo con el testimonio, desde\nel inicio la autoridad se mostr\u00f3 intimidante con los dos detenidos, quienes\nfueron amedrentados y se les impidi\u00f3 llamar a sus familiares, asegurando que\nser\u00edan trasladados a la Fiscal\u00eda para continuar con un proceso penal. Adem\u00e1s,\nse\u00f1al\u00f3 el parentesco de la s\u00edndica municipal con la parte acusatoria.<\/p>\n\n\n\n<p>POLIC\u00cdAS LOS ENTREGAN<\/p>\n\n\n\n<p>Durante el traslado, la patrulla en la que iban a bordo desvi\u00f3 el camino para encontrarse con un veh\u00edculo de donde bajaron 12 personas con palos en mano a quienes pr\u00e1cticamente fueron entregados los j\u00f3venes por parte de los elementos de la polic\u00eda municipal.<\/p>\n\n\n\n<figure class=\"wp-block-embed-twitter wp-block-embed is-type-rich is-provider-twitter\"><div class=\"wp-block-embed__wrapper\">\n<div class=\"twitter-tweet\"><blockquote class=\"twitter-tweet\" data-lang=\"es\"><p lang=\"es\" dir=\"ltr\"><a href=\"https:\/\/twitter.com\/hashtag\/OaxacaGris?src=hash&amp;ref_src=twsrc%5Etfw\">#OaxacaGris<\/a><br>Tras el asesinato de Alexander en <a href=\"https:\/\/twitter.com\/hashtag\/Acatl%C3%A1n?src=hash&amp;ref_src=twsrc%5Etfw\">#Acatl\u00e1n<\/a>, <a href=\"https:\/\/twitter.com\/hashtag\/Oaxaca?src=hash&amp;ref_src=twsrc%5Etfw\">#Oaxaca<\/a>, por parte de polic\u00edas municipales, revelan que uniformados de San Pablo <a href=\"https:\/\/twitter.com\/hashtag\/Huitzo?src=hash&amp;ref_src=twsrc%5Etfw\">#Huitzo<\/a> mataron a un joven y lesionaron a varios m\u00e1s, hace dos meses; el caso a\u00fan no ha sido esclarecido por la <a href=\"https:\/\/twitter.com\/FISCALIA_GobOax?ref_src=twsrc%5Etfw\">@FISCALIA_GobOax<\/a>. <a href=\"https:\/\/t.co\/JTr87W46uj\">pic.twitter.com\/JTr87W46uj<\/a><\/p>&mdash; Zona Roja Oaxaca (@MexRoja) <a href=\"https:\/\/twitter.com\/MexRoja\/status\/1271090373205602304?ref_src=twsrc%5Etfw\">11 de junio de 2020<\/a><\/blockquote><\/div>\n<\/div><\/figure>\n\n\n\n<p>\u201cEnfrente vemos que estaba un taxi\nparado y como doce se\u00f1ores y chavos con palos y con todo. G\u00fcey ya vali\u00f3 madre\nle dije a mi hermano, se bajaron los dos polic\u00edas que ven\u00edan en la cabina y los\ndel taxi les dicen b\u00e1jenlos as\u00ed como est\u00e1n y los polic\u00edas no bajaron esposados\ny fue cuando nos comenzaron a pegar\u201d, manifest\u00f3.<\/p>\n\n\n\n<p>Los golpes duraron por alrededor de\nuna hora, mientras la polic\u00eda observaba, para despu\u00e9s ser tirados en un\nbarranco cerca de la caseta de peaje ubicada en la zona, de donde fueron\nrescatados por sus familiares, quienes refirieron que uno de ellos muri\u00f3 a\nconsecuencia de los golpes.&nbsp; <\/p>\n\n\n\n<p>Los hechos han causado controversia\nen la localidad de Huitzo debido a que los j\u00f3venes conocidos como \u201clos\nchilangos\u201d son se\u00f1alados de dedicarse a robar en el municipio, incluso en alg\u00fan\nmomento se plante\u00f3 la posibilidad que la familia fuera expulsada de la\nlocalidad, lo cual no se concret\u00f3.<\/p>\n\n\n\n<p>Previo al ataque, a trav\u00e9s de las\nredes sociales se difundi\u00f3 el robo de una bicicleta, se\u00f1alando como responsable\na Diego, uno de los dos j\u00f3venes detenidos y golpeado hasta la muerte, en la que\nse pon\u00eda de manifiesto \u201cav\u00edsenle que ya est\u00e1 metido en problemas\u201d.<\/p>\n\n\n\n<p>OPINIONES ENCONTRADAS<\/p>\n\n\n\n<p>De acuerdo con testimonios la\npoblaci\u00f3n de San Pablo Huitzo se divide en sus opiniones al respecto, mientras\nun grupo refiere que los j\u00f3venes se buscaron tal agresi\u00f3n debido a sus\nantecedentes, otros m\u00e1s lamentan que uno de ellos haya perdido la vida por los\nhechos, en los que adem\u00e1s no hay actuaci\u00f3n por parte de las autoridades en\nmateria de procuraci\u00f3n de justicia, por lo que la familia ha recurrido a los\nmedios de comunicaci\u00f3n para evidenciar la situaci\u00f3n.<\/p>\n\n\n\n<p>Los polic\u00edas involucrados son presuntamente\nDavid H., Abraham F. M., Luis A. y Manuel V.<\/p>\n\n\n\n<p>Hasta el momento se desconoce la\nsituaci\u00f3n jur\u00eddica de los uniformados, en tanto la S\u00edndica Municipal contin\u00faa\ndespachando en el ayuntamiento; delincuentes o no, la familia de Jaciel y de\nDiego exigen justicia en contra de los agresores y contra los polic\u00edas, por su\nprobable responsabilidad.<\/p>\n","protected":false},"excerpt":{"rendered":"<p>Evlin Arag\u00f3n\/Zona Roja. Oaxaca de Ju\u00e1rez, Oax., 11 de junio de 2020.- Tras el asesinato&hellip;<\/p>\n","protected":false},"author":2,"featured_media":13586,"comment_status":"closed","ping_status":"open","sticky":false,"template":"","format":"standard","meta":{"_lmt_disableupdate":"","_lmt_disable":"","_jetpack_memberships_contains_paid_content":false,"footnotes":""},"categories":[109,51],"tags":[1744],"class_list":["post-13585","post","type-post","status-publish","format-standard","has-post-thumbnail","hentry","category-minuto-a-minuto","category-zona-roja","tag-san-pablo-villa-de-huitzo"],"jetpack_featured_media_url":"https:\/\/zonaroja.com.mx\/wp-content\/uploads\/2020\/06\/Joven-asesinado-Huitzo.jpg","jetpack_sharing_enabled":true,"_links":{"self":[{"href":"https:\/\/zonaroja.com.mx\/index.php?rest_route=\/wp\/v2\/posts\/13585","targetHints":{"allow":["GET"]}}],"collection":[{"href":"https:\/\/zonaroja.com.mx\/index.php?rest_route=\/wp\/v2\/posts"}],"about":[{"href":"https:\/\/zonaroja.com.mx\/index.php?rest_route=\/wp\/v2\/types\/post"}],"author":[{"embeddable":true,"href":"https:\/\/zonaroja.com.mx\/index.php?rest_route=\/wp\/v2\/users\/2"}],"replies":[{"embeddable":true,"href":"https:\/\/zonaroja.com.mx\/index.php?rest_route=%2Fwp%2Fv2%2Fcomments&post=13585"}],"version-history":[{"count":3,"href":"https:\/\/zonaroja.com.mx\/index.php?rest_route=\/wp\/v2\/posts\/13585\/revisions"}],"predecessor-version":[{"id":13595,"href":"https:\/\/zonaroja.com.mx\/index.php?rest_route=\/wp\/v2\/posts\/13585\/revisions\/13595"}],"wp:featuredmedia":[{"embeddable":true,"href":"https:\/\/zonaroja.com.mx\/index.php?rest_route=\/wp\/v2\/media\/13586"}],"wp:attachment":[{"href":"https:\/\/zonaroja.com.mx\/index.php?rest_route=%2Fwp%2Fv2%2Fmedia&parent=13585"}],"wp:term":[{"taxonomy":"category","embeddable":true,"href":"https:\/\/zonaroja.com.mx\/index.php?rest_route=%2Fwp%2Fv2%2Fcategories&post=13585"},{"taxonomy":"post_tag","embeddable":true,"href":"https:\/\/zonaroja.com.mx\/index.php?rest_route=%2Fwp%2Fv2%2Ftags&post=13585"}],"curies":[{"name":"wp","href":"https:\/\/api.w.org\/{rel}","templated":true}]}}