{"id":13589,"date":"2020-06-11T14:43:12","date_gmt":"2020-06-11T19:43:12","guid":{"rendered":"http:\/\/www.zonaroja.com.mx\/?p=13589"},"modified":"2020-06-11T14:43:15","modified_gmt":"2020-06-11T19:43:15","slug":"exhortan-diputados-a-fiscalia-y-ddhpo-investigar-posibles-abusos-de-autoridad","status":"publish","type":"post","link":"https:\/\/zonaroja.com.mx\/?p=13589","title":{"rendered":"Exhortan diputados a Fiscal\u00eda y DDHPO investigar posibles abusos de autoridad"},"content":{"rendered":"\n<p>Redacci\u00f3n\/Zona Roja.<\/p>\n\n\n\n<p>Oaxaca de Ju\u00e1rez, Oax., 11 de junio\nde 2020.- Ante el asesinato del joven Alexander en Acatl\u00e1n de P\u00e9rez Figueroa, diputados\ndel grupo parlamentario de Morena en el Congreso local, exigieron a la Fiscal\u00eda\nGeneral del Estado hacer una investigaci\u00f3n puntual para garantizar justicia en\neste caso.<\/p>\n\n\n\n<p>De igual forma, exhortaron a la\nDefensor\u00eda de los Derechos Humanos del Pueblo de Oaxaca otorgar medidas\ncautelares a los familiares de las v\u00edctimas que han denunciado p\u00fablicamente\neste delito.<\/p>\n\n\n\n<p>Los legisladores morenistas\ndestacaron que \u00e9ste, como todos los cr\u00edmenes que han enlutado a las familias\noaxaque\u00f1as, debe tener una resoluci\u00f3n conforme a los derechos de las v\u00edctimas y\nsus familiares.<\/p>\n\n\n\n<p>Se\u00f1alaron que es muy grave lo que la\nmadre de Alexander ha denunciado p\u00fablicamente y coincidieron en que las\nautoridades deben poner puntual atenci\u00f3n a los se\u00f1alamientos graves contra los\nelementos policiacos del municipio que encabeza Ad\u00e1n Jos\u00e9 Maciel Sosa, edil de\nextracci\u00f3n panista.<\/p>\n\n\n\n<p>\u201cLa Comisi\u00f3n Permanente de Derechos\nHumanos y la de Justicia ser\u00e1n observadoras en este proceso\u201d, inform\u00f3 a su vez\nel presidente de la Junta de Coordinaci\u00f3n Pol\u00edtica, Horacio Sosa Villavicencio.<\/p>\n\n\n\n<p>Los representantes de Morena\ncoincidieron en que esta acci\u00f3n contradice a los objetivos de paz y\ntranquilidad que se\u00f1al\u00f3 el mun\u00edcipe Ad\u00e1n Jos\u00e9 Maciel Sosa, quien mediante una\npublicaci\u00f3n en Facebook lament\u00f3 los hechos y se comprometi\u00f3 a entregar a la\nFiscal\u00eda General del Estado el informe policial para las diligencias.<\/p>\n\n\n\n<p>\u201cRecordemos que el primer objetivo de\nla autoridad municipal es la protecci\u00f3n de las familias, velar por la paz y la\nseguridad\u201d, expresaron las y los integrantes del grupo parlamentario de Morena.<\/p>\n\n\n\n<p>De igual forma, pidieron al defensor\nde los Derechos Humanos, intervenir en el reciente caso que se dio a conocer,\nen el que presuntamente dos j\u00f3venes fueron detenidos&nbsp; por elementos de la polic\u00eda municipal de\nHuitzo, quienes los entregaron a civiles para que \u00e9stos los torturaran al grado\nde darlos por muertos.<\/p>\n\n\n\n<p>\u201cEs muy importante que las\nautoridades municipales revisen las conductas de sus elementos policiacos y\ngaranticen la impartici\u00f3n de justicia en este tipo de cr\u00edmenes, no pueden\nconvertirse en los principales violadores de los derechos humanos\u201d, expresaron.<\/p>\n\n\n\n<p>Finalmente, reiteraron su compromiso\npor velar las garant\u00edas y Derechos Humanos de las oaxaque\u00f1as y oaxaque\u00f1os, as\u00ed\ncomo su disposici\u00f3n para ser vigilante en el proceso en ambos casos. <\/p>\n","protected":false},"excerpt":{"rendered":"<p>Redacci\u00f3n\/Zona Roja. Oaxaca de Ju\u00e1rez, Oax., 11 de junio de 2020.- Ante el asesinato del&hellip;<\/p>\n","protected":false},"author":2,"featured_media":13590,"comment_status":"closed","ping_status":"open","sticky":false,"template":"","format":"standard","meta":{"_lmt_disableupdate":"","_lmt_disable":"","_jetpack_memberships_contains_paid_content":false,"footnotes":""},"categories":[109,47],"tags":[444],"class_list":["post-13589","post","type-post","status-publish","format-standard","has-post-thumbnail","hentry","category-minuto-a-minuto","category-zona-gris","tag-horacio-sosa-villavicencio"],"jetpack_featured_media_url":"https:\/\/zonaroja.com.mx\/wp-content\/uploads\/2020\/06\/Horacio-Sosa-2.jpeg","jetpack_sharing_enabled":true,"_links":{"self":[{"href":"https:\/\/zonaroja.com.mx\/index.php?rest_route=\/wp\/v2\/posts\/13589","targetHints":{"allow":["GET"]}}],"collection":[{"href":"https:\/\/zonaroja.com.mx\/index.php?rest_route=\/wp\/v2\/posts"}],"about":[{"href":"https:\/\/zonaroja.com.mx\/index.php?rest_route=\/wp\/v2\/types\/post"}],"author":[{"embeddable":true,"href":"https:\/\/zonaroja.com.mx\/index.php?rest_route=\/wp\/v2\/users\/2"}],"replies":[{"embeddable":true,"href":"https:\/\/zonaroja.com.mx\/index.php?rest_route=%2Fwp%2Fv2%2Fcomments&post=13589"}],"version-history":[{"count":1,"href":"https:\/\/zonaroja.com.mx\/index.php?rest_route=\/wp\/v2\/posts\/13589\/revisions"}],"predecessor-version":[{"id":13591,"href":"https:\/\/zonaroja.com.mx\/index.php?rest_route=\/wp\/v2\/posts\/13589\/revisions\/13591"}],"wp:featuredmedia":[{"embeddable":true,"href":"https:\/\/zonaroja.com.mx\/index.php?rest_route=\/wp\/v2\/media\/13590"}],"wp:attachment":[{"href":"https:\/\/zonaroja.com.mx\/index.php?rest_route=%2Fwp%2Fv2%2Fmedia&parent=13589"}],"wp:term":[{"taxonomy":"category","embeddable":true,"href":"https:\/\/zonaroja.com.mx\/index.php?rest_route=%2Fwp%2Fv2%2Fcategories&post=13589"},{"taxonomy":"post_tag","embeddable":true,"href":"https:\/\/zonaroja.com.mx\/index.php?rest_route=%2Fwp%2Fv2%2Ftags&post=13589"}],"curies":[{"name":"wp","href":"https:\/\/api.w.org\/{rel}","templated":true}]}}