{"id":13592,"date":"2020-06-11T15:15:27","date_gmt":"2020-06-11T20:15:27","guid":{"rendered":"http:\/\/www.zonaroja.com.mx\/?p=13592"},"modified":"2020-06-11T15:16:36","modified_gmt":"2020-06-11T20:16:36","slug":"entre-flores-blancas-y-dolor-despiden-hoy-a-alexander-en-acatlan","status":"publish","type":"post","link":"https:\/\/zonaroja.com.mx\/?p=13592","title":{"rendered":"Entre flores blancas y dolor, despiden hoy a Alexander en Acatl\u00e1n"},"content":{"rendered":"\n<p>Yuridiana Sosa\/Zona Roja.<\/p>\n\n\n\n<p>Oaxaca de Ju\u00e1rez, Oax., 11 de junio de 2020.- \u00ab\u00a1Hasta luego campe\u00f3n &#8216;Chander'\u00bb! El \u00faltimo hogar de Alexander est\u00e1 lleno de decenas de ramos de flores, principalmente blancas.<\/p>\n\n\n\n<p>Esta tarde ser\u00e1 despedido a su \u00faltima\nmorada el adolescente, promesa del futbol, en el que ya participaba como\njugador profesional.<\/p>\n\n\n\n<p>Pero la indignaci\u00f3n persiste. Luto,\nl\u00e1grimas, rabia, entre la familia y en toda la poblaci\u00f3n de Acatl\u00e1n de P\u00e9rez\nFigueroa. <\/p>\n\n\n\n<p>No solamente porque le arrebataron la\nvida a un deportista promesa, cargado de sue\u00f1os, sino por la forma en que lo\nacribillaron.<\/p>\n\n\n\n<p>De acuerdo con testimonios de\npobladores la noche del martes, la Polic\u00eda Municipal de Acatl\u00e1n de P\u00e9rez\nFigueroa dispar\u00f3 a matar al grupo de j\u00f3venes en el que se encontraba Alexander\nMart\u00ednez G\u00f3mez, quien perdi\u00f3 la vida de un tiro de escopeta en la cabeza, mientras\nque Carlos, de 15 a\u00f1os result\u00f3 herido.<\/p>\n\n\n\n<p>As\u00ed lo aseguran otros j\u00f3venes\nsobrevivientes al ataque de la noche del martes en la comunidad de Vicente\nCamalote, de ese municipio de la regi\u00f3n de la Cuenca. \u201cTiraron a matar,\ndispararon a quema ropa\u201d, afirmaron los adolescentes en una entrevista para\nNoticieros Televisa.<\/p>\n\n\n\n<p>Los j\u00f3venes relataron que, sobre la\ncarretera de acceso a la comunidad, en inmediaciones de una gasoliner\u00eda donde\nse ubica una tienda a la que acud\u00edan a comprar refrescos, los elementos a bordo\nde la patrulla 023, con las luces y torretas apagadas les cerr\u00f3 el paso, se\ndetuvieron de frente, descendieron, al menos cuatro, y dispararon.<\/p>\n\n\n\n<p>Alexander G., de 16 a\u00f1os, perdi\u00f3 la\nvida de forma inmediata y Carlos, de 15 a\u00f1os, result\u00f3 herido de gravedad y\ntrasladado al municipio de Tuxtepec para su atenci\u00f3n m\u00e9dica, el resto logr\u00f3\nsalvar la vida.<\/p>\n\n\n\n<p>Otro testimonio confirm\u00f3 la versi\u00f3n\nde la madre de Alexander sobre la pretensi\u00f3n de la Polic\u00eda Municipal de\n\u201csembrarle\u201d una pistola al adolescente. Narr\u00f3 que uno de los elementos fue\nsorprendi\u00f3 por una vecina cuando le colocaba el arma en una de sus manos.<\/p>\n\n\n\n<p>El oficial indic\u00f3 que el joven\ncomenz\u00f3 la agresi\u00f3n con disparos de arma de fuego, pero fue desmentido por la\nhabitante, quien no permiti\u00f3 que le dejaran el arma.<\/p>\n\n\n\n<p>FISCAL\u00cdA SESGA INFORMACI\u00d3N<\/p>\n\n\n\n<p>En un comunicado, 24 horas despu\u00e9s de\nlos hechos, la Fiscal\u00eda General de Oaxaca indic\u00f3 que por el hecho existe una\npersona detenida, sin embargo, no inform\u00f3 si se trata del elemento policial que\ndispar\u00f3 contra el joven, as\u00ed como tampoco aclar\u00f3 sobre la condici\u00f3n en el que\nse encuentran el resto de los polic\u00edas municipales que iban a bordo de esa\npatrulla.<\/p>\n\n\n\n<p>El joven fue asesinado de un disparo\nde escopeta, determin\u00f3 la Fiscal\u00eda y a m\u00e1s de 24 horas de los hechos no ha\nvuelto a informar sobre el estado judicial de la persona detenida por el hecho.<\/p>\n\n\n\n<p>De acuerdo con la autoridad, fueron\nnueve los j\u00f3venes que se encontraron en el lugar de los sucesos, por los que se\nabri\u00f3 la carpeta de investigaci\u00f3n 18130\/FCUEACATL\u00c1N\/2020.<\/p>\n\n\n\n<p>Mientras que el gobierno municipal de\nAcatl\u00e1n solo reconoci\u00f3 el error a trav\u00e9s de una publicaci\u00f3n en el perfil del\nayuntamiento por Facebook.<\/p>\n\n\n\n<p>La Fiscal\u00eda no aclar\u00f3 la tardanza de\nla atenci\u00f3n del caso, pues de acuerdo a videos donde la madre denuncia una\nserie de irregularidades, 12 horas despu\u00e9s de la tragedia el cuerpo de\nAlexander permanec\u00eda en poder de su familia, sobre un catre cubierto con\ns\u00e1banas.<\/p>\n\n\n\n<p>LAS CONDOLENCIAS<\/p>\n\n\n\n<p>La escuela Filial de Los Rayados de\nMonterrey, de Tierra Blanca, Veracruz, donde jugaba el joven, manifest\u00f3 en sus\nredes sociales condolencias para la familia, as\u00ed como repudiaron los hechos.<\/p>\n\n\n\n<p>El sue\u00f1o de Alexander era ser uno de los\ngrandes futbolistas de M\u00e9xico, lo cual comenzaba a realizarse.<\/p>\n\n\n\n<p>\u201cEl d\u00eda de hoy toda la familia Filial\nde Rayados Tierra Blanca, est\u00e1 de luto, a nuestro alumno le arrebataron la vida\ny sus sue\u00f1os de ser jugador profesional, sentimos un dolor ante los hechos\u201d,\nexpres\u00f3 el mensaje.<\/p>\n\n\n\n<p>El sepelio ser\u00e1 esta tarde, para lo\ncual se convoca a la gente acudir con ropa blanca y flores del mismo color.\nPero ma\u00f1ana, ya preparan movilizaciones para exigir #JusticiaParaAlexander.<\/p>\n","protected":false},"excerpt":{"rendered":"<p>Yuridiana Sosa\/Zona Roja. Oaxaca de Ju\u00e1rez, Oax., 11 de junio de 2020.- \u00ab\u00a1Hasta luego campe\u00f3n&hellip;<\/p>\n","protected":false},"author":2,"featured_media":13594,"comment_status":"closed","ping_status":"open","sticky":false,"template":"","format":"standard","meta":{"_lmt_disableupdate":"","_lmt_disable":"","_jetpack_memberships_contains_paid_content":false,"footnotes":""},"categories":[109,47],"tags":[187,1749],"class_list":["post-13592","post","type-post","status-publish","format-standard","has-post-thumbnail","hentry","category-minuto-a-minuto","category-zona-gris","tag-acatlan-de-perez-figueroa","tag-alexander-g-m"],"jetpack_featured_media_url":"https:\/\/zonaroja.com.mx\/wp-content\/uploads\/2020\/06\/Sepelio-Alexander.jpg","jetpack_sharing_enabled":true,"_links":{"self":[{"href":"https:\/\/zonaroja.com.mx\/index.php?rest_route=\/wp\/v2\/posts\/13592","targetHints":{"allow":["GET"]}}],"collection":[{"href":"https:\/\/zonaroja.com.mx\/index.php?rest_route=\/wp\/v2\/posts"}],"about":[{"href":"https:\/\/zonaroja.com.mx\/index.php?rest_route=\/wp\/v2\/types\/post"}],"author":[{"embeddable":true,"href":"https:\/\/zonaroja.com.mx\/index.php?rest_route=\/wp\/v2\/users\/2"}],"replies":[{"embeddable":true,"href":"https:\/\/zonaroja.com.mx\/index.php?rest_route=%2Fwp%2Fv2%2Fcomments&post=13592"}],"version-history":[{"count":1,"href":"https:\/\/zonaroja.com.mx\/index.php?rest_route=\/wp\/v2\/posts\/13592\/revisions"}],"predecessor-version":[{"id":13593,"href":"https:\/\/zonaroja.com.mx\/index.php?rest_route=\/wp\/v2\/posts\/13592\/revisions\/13593"}],"wp:featuredmedia":[{"embeddable":true,"href":"https:\/\/zonaroja.com.mx\/index.php?rest_route=\/wp\/v2\/media\/13594"}],"wp:attachment":[{"href":"https:\/\/zonaroja.com.mx\/index.php?rest_route=%2Fwp%2Fv2%2Fmedia&parent=13592"}],"wp:term":[{"taxonomy":"category","embeddable":true,"href":"https:\/\/zonaroja.com.mx\/index.php?rest_route=%2Fwp%2Fv2%2Fcategories&post=13592"},{"taxonomy":"post_tag","embeddable":true,"href":"https:\/\/zonaroja.com.mx\/index.php?rest_route=%2Fwp%2Fv2%2Ftags&post=13592"}],"curies":[{"name":"wp","href":"https:\/\/api.w.org\/{rel}","templated":true}]}}