{"id":13602,"date":"2020-06-11T20:33:29","date_gmt":"2020-06-12T01:33:29","guid":{"rendered":"http:\/\/www.zonaroja.com.mx\/?p=13602"},"modified":"2020-06-11T20:33:33","modified_gmt":"2020-06-12T01:33:33","slug":"dialogan-rector-de-la-uabjo-y-diputados-locales-y-federales","status":"publish","type":"post","link":"https:\/\/zonaroja.com.mx\/?p=13602","title":{"rendered":"Dialogan rector de la UABJO y diputados locales y federales"},"content":{"rendered":"\n<p>Redacci\u00f3n\/Zona Roja.<\/p>\n\n\n\n<p>Oaxaca de Ju\u00e1rez, Oax., 11 de junio\nde 2020.- A fin de fortalecer las acciones jur\u00eddicas, pol\u00edticas y acad\u00e9micas,\nen favor de m\u00e1s de 26 mil estudiantes, el rector de la Universidad Aut\u00f3noma\n\u201cBenito Ju\u00e1rez\u201d de Oaxaca (UABJO), Eduardo Bautista Mart\u00ednez, se reuni\u00f3 con\nlegisladoras y legisladores locales y federales del Partido del Trabajo (PT).<\/p>\n\n\n\n<p>En el encuentro virtual estuvieron\npresentes a nivel local, No\u00e9 Doroteo Castillejos y Sa\u00fal Cruz Jim\u00e9nez, C\u00e9sar\nMorales Ni\u00f1o; a nivel federal, \u00c1ngel Benjam\u00edn Robles Montoya, Maribel Mart\u00ednez\nRuiz y Margarita Garc\u00eda.<\/p>\n\n\n\n<p>Durante la charla, el rector explic\u00f3\nla situaci\u00f3n que vive la Universidad ante la pandemia, as\u00ed como las medidas que\nse han tomado para salvaguardar la integridad de la comunidad docente,\nestudiantil y base trabajadora.<\/p>\n\n\n\n<p>Inform\u00f3 de manera breve las acciones\nque ha realizado la Comisi\u00f3n T\u00e9cnica de Salud (CTS), integrada por\nespecialistas del \u00e1rea blanca de la instituci\u00f3n, quienes adem\u00e1s dan puntual\nseguimiento a las recomendaciones de las autoridades estatales y federales.<\/p>\n\n\n\n<p>Sin embargo, a pesar de la\ncontingencia sanitaria derivada del Covid 19, \u201cnuestra universidad no se\nparaliza, por el contrario, redobla esfuerzos en la innovaci\u00f3n de procesos de\nense\u00f1anza aprendizaje y considera tambi\u00e9n importante avanzar en t\u00e9rminos de\ngesti\u00f3n presupuestal\u201d, refiri\u00f3.<\/p>\n\n\n\n<p>Dijo que ante la progresiva\ndisminuci\u00f3n de los fondos extraordinarios que han registrado recortes en los\n\u00faltimos cinco a\u00f1os, los cuales son destinados a la operatividad en general y de\nla UABJO en particular, es necesario fortalecer dicha gesti\u00f3n.<\/p>\n\n\n\n<p>\u201cEs urgente alentar fondos, como el\nU081 de atenci\u00f3n a temas estructurales que permitir\u00eda capitalizar y estimular\nel recurso para el tema de pensiones que ayude a la transici\u00f3n de este tipo de\nsistemas en las universidades que no han dado este paso\u201d, enfatiz\u00f3.<\/p>\n\n\n\n<p>Durante su participaci\u00f3n, valor\u00f3 las\ndiferentes iniciativas que han presentado distintos actores en el Congreso local,\nsin embargo, expres\u00f3 que es importante generar consensos al interior y con la\npropia Universidad.<\/p>\n\n\n\n<p>Por su parte, la bancada Legislativa\ndel PT respald\u00f3 las acciones universitarias y coincidieron que compete a la\npropia instituci\u00f3n definir la ruta de las decisiones jur\u00eddicas y pol\u00edticas para\nrealizar su fortalecimiento.<\/p>\n\n\n\n<p>Refrendaron su compromiso por\nacompa\u00f1ar las gestiones en los t\u00e9rminos expuestos por el rector, a fin de\ncoadyuvar para mejorar las condiciones educativas de la poblaci\u00f3n estudiantil.<\/p>\n","protected":false},"excerpt":{"rendered":"<p>Redacci\u00f3n\/Zona Roja. Oaxaca de Ju\u00e1rez, Oax., 11 de junio de 2020.- A fin de fortalecer&hellip;<\/p>\n","protected":false},"author":2,"featured_media":13603,"comment_status":"closed","ping_status":"open","sticky":false,"template":"","format":"standard","meta":{"_lmt_disableupdate":"","_lmt_disable":"","_jetpack_memberships_contains_paid_content":false,"footnotes":""},"categories":[109,46],"tags":[282],"class_list":["post-13602","post","type-post","status-publish","format-standard","has-post-thumbnail","hentry","category-minuto-a-minuto","category-zona-blanca","tag-universidad-autonoma-benito-juarez-de-oaxaca"],"jetpack_featured_media_url":"https:\/\/zonaroja.com.mx\/wp-content\/uploads\/2020\/06\/6.jpg","jetpack_sharing_enabled":true,"_links":{"self":[{"href":"https:\/\/zonaroja.com.mx\/index.php?rest_route=\/wp\/v2\/posts\/13602","targetHints":{"allow":["GET"]}}],"collection":[{"href":"https:\/\/zonaroja.com.mx\/index.php?rest_route=\/wp\/v2\/posts"}],"about":[{"href":"https:\/\/zonaroja.com.mx\/index.php?rest_route=\/wp\/v2\/types\/post"}],"author":[{"embeddable":true,"href":"https:\/\/zonaroja.com.mx\/index.php?rest_route=\/wp\/v2\/users\/2"}],"replies":[{"embeddable":true,"href":"https:\/\/zonaroja.com.mx\/index.php?rest_route=%2Fwp%2Fv2%2Fcomments&post=13602"}],"version-history":[{"count":1,"href":"https:\/\/zonaroja.com.mx\/index.php?rest_route=\/wp\/v2\/posts\/13602\/revisions"}],"predecessor-version":[{"id":13604,"href":"https:\/\/zonaroja.com.mx\/index.php?rest_route=\/wp\/v2\/posts\/13602\/revisions\/13604"}],"wp:featuredmedia":[{"embeddable":true,"href":"https:\/\/zonaroja.com.mx\/index.php?rest_route=\/wp\/v2\/media\/13603"}],"wp:attachment":[{"href":"https:\/\/zonaroja.com.mx\/index.php?rest_route=%2Fwp%2Fv2%2Fmedia&parent=13602"}],"wp:term":[{"taxonomy":"category","embeddable":true,"href":"https:\/\/zonaroja.com.mx\/index.php?rest_route=%2Fwp%2Fv2%2Fcategories&post=13602"},{"taxonomy":"post_tag","embeddable":true,"href":"https:\/\/zonaroja.com.mx\/index.php?rest_route=%2Fwp%2Fv2%2Ftags&post=13602"}],"curies":[{"name":"wp","href":"https:\/\/api.w.org\/{rel}","templated":true}]}}