{"id":13605,"date":"2020-06-11T21:43:14","date_gmt":"2020-06-12T02:43:14","guid":{"rendered":"http:\/\/www.zonaroja.com.mx\/?p=13605"},"modified":"2020-06-11T21:43:19","modified_gmt":"2020-06-12T02:43:19","slug":"edil-de-ixtepec-que-no-queria-enfermos-quiere-ahora-instalar-centro-covid","status":"publish","type":"post","link":"https:\/\/zonaroja.com.mx\/?p=13605","title":{"rendered":"Edil de Ixtepec que no quer\u00eda enfermos, quiere ahora instalar centro Covid"},"content":{"rendered":"\n<p>Redacci\u00f3n\/Zona Roja.<\/p>\n\n\n\n<p>Oaxaca de Ju\u00e1rez, Oax., 11 de junio\nde 2020.- Hace un mes rechaz\u00f3, junto con trabajadores del sector Salud, la\npresencia y atenci\u00f3n de enfermos de Covid-19 en el hospital general de Ciudad\nIxtepec.<\/p>\n\n\n\n<p>Por esa causa, un militar contagiado\nfue retirado de dicho nosocomio y regresado al hospital de la Base A\u00e9rea\nMilitar, donde posteriormente perdi\u00f3 la vida.<\/p>\n\n\n\n<p>Sin embargo, el edil de ese\nmunicipio, Rogelio Cheng L\u00f3pez, pretende ahora construir un centro provisional\nCovid, en las instalaciones de la unidad deportiva municipal.<\/p>\n\n\n\n<p>El mun\u00edcipe dio ayer el banderazo de\ninicio de los trabajos y este jueves, decenas de pobladores de la zona\nefectuaron protestas y bloqueos en vialidades aleda\u00f1as, para rechazar la\ninstalaci\u00f3n del centro para atender a enfermos de coronavirus.<\/p>\n\n\n\n<p>Seg\u00fan inform\u00f3 Cheng L\u00f3pez, la unidad contar\u00e1\ncon \u00e1rea de hasta dos respiradores, espacio de aislamiento para resguardo de\ncasos sospechosos, sanitarios, \u00e1rea de sanitizaci\u00f3n y en la entrada y salida un\ntunel sanitizante de manera permanente.<\/p>\n\n\n\n<p>No obstante, durante todo el d\u00eda\npermaneci\u00f3 la protesta de vecinos aleda\u00f1os a la unidad deportiva, en rechazo a\ndicha infraestructura.<\/p>\n","protected":false},"excerpt":{"rendered":"<p>Redacci\u00f3n\/Zona Roja. Oaxaca de Ju\u00e1rez, Oax., 11 de junio de 2020.- Hace un mes rechaz\u00f3,&hellip;<\/p>\n","protected":false},"author":2,"featured_media":13606,"comment_status":"closed","ping_status":"open","sticky":false,"template":"","format":"standard","meta":{"_lmt_disableupdate":"","_lmt_disable":"","_jetpack_memberships_contains_paid_content":false,"footnotes":""},"categories":[109,47],"tags":[703],"class_list":["post-13605","post","type-post","status-publish","format-standard","has-post-thumbnail","hentry","category-minuto-a-minuto","category-zona-gris","tag-ciudad-ixtepec"],"jetpack_featured_media_url":"https:\/\/zonaroja.com.mx\/wp-content\/uploads\/2020\/06\/Protesta-Ixtepec.jpg","jetpack_sharing_enabled":true,"_links":{"self":[{"href":"https:\/\/zonaroja.com.mx\/index.php?rest_route=\/wp\/v2\/posts\/13605","targetHints":{"allow":["GET"]}}],"collection":[{"href":"https:\/\/zonaroja.com.mx\/index.php?rest_route=\/wp\/v2\/posts"}],"about":[{"href":"https:\/\/zonaroja.com.mx\/index.php?rest_route=\/wp\/v2\/types\/post"}],"author":[{"embeddable":true,"href":"https:\/\/zonaroja.com.mx\/index.php?rest_route=\/wp\/v2\/users\/2"}],"replies":[{"embeddable":true,"href":"https:\/\/zonaroja.com.mx\/index.php?rest_route=%2Fwp%2Fv2%2Fcomments&post=13605"}],"version-history":[{"count":1,"href":"https:\/\/zonaroja.com.mx\/index.php?rest_route=\/wp\/v2\/posts\/13605\/revisions"}],"predecessor-version":[{"id":13607,"href":"https:\/\/zonaroja.com.mx\/index.php?rest_route=\/wp\/v2\/posts\/13605\/revisions\/13607"}],"wp:featuredmedia":[{"embeddable":true,"href":"https:\/\/zonaroja.com.mx\/index.php?rest_route=\/wp\/v2\/media\/13606"}],"wp:attachment":[{"href":"https:\/\/zonaroja.com.mx\/index.php?rest_route=%2Fwp%2Fv2%2Fmedia&parent=13605"}],"wp:term":[{"taxonomy":"category","embeddable":true,"href":"https:\/\/zonaroja.com.mx\/index.php?rest_route=%2Fwp%2Fv2%2Fcategories&post=13605"},{"taxonomy":"post_tag","embeddable":true,"href":"https:\/\/zonaroja.com.mx\/index.php?rest_route=%2Fwp%2Fv2%2Ftags&post=13605"}],"curies":[{"name":"wp","href":"https:\/\/api.w.org\/{rel}","templated":true}]}}