{"id":13608,"date":"2020-06-11T22:33:11","date_gmt":"2020-06-12T03:33:11","guid":{"rendered":"http:\/\/www.zonaroja.com.mx\/?p=13608"},"modified":"2020-06-11T22:40:39","modified_gmt":"2020-06-12T03:40:39","slug":"no-queremos-mas-policias-criminales-basta-de-tantos-muertos","status":"publish","type":"post","link":"https:\/\/zonaroja.com.mx\/?p=13608","title":{"rendered":"\u201c\u00a1No queremos m\u00e1s polic\u00edas criminales! \u00a1Basta de tantos muertos!\u201d"},"content":{"rendered":"\n<p>Ismael Garc\u00eda M.\/Zona Roja.<\/p>\n\n\n\n<p>Oaxaca de Ju\u00e1rez, Oax., 11 de junio\nde 2020.- Y el pueblo se visti\u00f3 de blanco. De flores y de globos, pero tambi\u00e9n\nde muchas l\u00e1grimas. De rabia, de luto, de exigencia de justicia:<\/p>\n\n\n\n<p>\u201c\u00a1La Embajada de Estados Unidos ya\nest\u00e1 atr\u00e1s de la pista de todo esto y no me voy a cansar, as\u00ed tenga que mover\ncielo, mar y tierra, van a tener que pagar los culpables! \u00a1No queremos m\u00e1s polic\u00edas\ncriminales! \u00a1Basta de tantos muertos!\u201d<\/p>\n\n\n\n<p>El grito de un padre dolido, migrante que regres\u00f3 a Acatl\u00e1n de P\u00e9rez Figueroa s\u00f3lo para ver a uno de sus v\u00e1stagos en el f\u00e9retro, de nacionalidad norteamericana y mexicana. <\/p>\n\n\n\n<p>A eso de las cinco de la tarde sali\u00f3 una caravana; motocicletas, como le gustaba a Alexander; coches, camionetas; globos blancos y muchas flores. \u00a1Justicia!, el grito de hombres y mujeres vestidos de blanco, a lo largo del trayecto a la iglesia y luego al pante\u00f3n.<\/p>\n\n\n\n<figure class=\"wp-block-embed-twitter wp-block-embed is-type-rich is-provider-twitter\"><div class=\"wp-block-embed__wrapper\">\n<div class=\"twitter-tweet\"><blockquote class=\"twitter-tweet\" data-lang=\"es\"><p lang=\"es\" dir=\"ltr\"><a href=\"https:\/\/twitter.com\/hashtag\/JusticiaParaAlexander?src=hash&amp;ref_src=twsrc%5Etfw\">#JusticiaParaAlexander<\/a><br>\u201c\u00a1Dime c\u00f3mo voy a vivir sin ti, dime c\u00f3mo!\u201d; el grito desgarrador de la madre de Alexander en el sepelio del joven asesinado; !justicia!, el clamor generalizado. <br>Video: Especial. <a href=\"https:\/\/t.co\/Dhj05QycY4\">pic.twitter.com\/Dhj05QycY4<\/a><\/p>&mdash; Zona Roja Oaxaca (@MexRoja) <a href=\"https:\/\/twitter.com\/MexRoja\/status\/1271279760983949312?ref_src=twsrc%5Etfw\">12 de junio de 2020<\/a><\/blockquote><\/div>\n<\/div><\/figure>\n\n\n\n<p>\u00a1Justicia!, el clamor de los padres\nde Alexander G. y de todo el pueblo acateco, en una tarde de nubarrones y a\npunto de lluvia.<\/p>\n\n\n\n<p>El f\u00e9retro de madera lleg\u00f3 a su destino\nfinal. Un joven con guitarra interpret\u00f3 melod\u00edas de despedida al deportista, al\namigo, al futbolista que comenzaba a hacer realidad su sue\u00f1o: ser jugador\nprofesional. Y ya lo era, de tercera divisi\u00f3n, en la vecina entidad\nveracruzana.<\/p>\n\n\n\n<p>La noche tr\u00e1gica del martes 9 duele\nen toda la Cuenca, en todo Oaxaca, en todo M\u00e9xico.<\/p>\n\n\n\n<p>\u201c\u00a1Dime c\u00f3mo voy a vivir sin ti, dime\nc\u00f3mo!\u201d. El grito desgarrador de la madre de Alexander se mezcla con la melanc\u00f3lica\nmelod\u00eda. \u201cTe amo por siempre! \u00a1Diosito te cuide mi coraz\u00f3n! \u00a1Te amo\u2026! \u00a1Gracias\npor ser mi hijo! \u00a1Gracias por ser yo tu madre mi coraz\u00f3n!\u201d.<\/p>\n\n\n\n<p>\u201c\u00a1Vas derechito para el cielo, carnal\u201d, le dice el hermano sobreviviente, que abraza a su desconsolada madre.<\/p>\n\n\n\n<figure class=\"wp-block-embed-twitter wp-block-embed is-type-rich is-provider-twitter\"><div class=\"wp-block-embed__wrapper\">\n<div class=\"twitter-tweet\"><blockquote class=\"twitter-tweet\" data-lang=\"es\"><p lang=\"es\" dir=\"ltr\"><a href=\"https:\/\/twitter.com\/hashtag\/JusticiaParaAlexander?src=hash&amp;ref_src=twsrc%5Etfw\">#JusticiaParaAlexander<\/a><br>\u201c\u00a1La Embajada de Estados Unidos ya est\u00e1 atr\u00e1s de la pista de todo esto y no me voy a cansar, as\u00ed tenga que mover cielo, mar y tierra, van a tener que pagar los culpables!\u201d: el dolor del padre de Alexander en el sepelio hoy en Acatl\u00e1n.<br>Video: Especial <a href=\"https:\/\/t.co\/1St7Uy5fHG\">pic.twitter.com\/1St7Uy5fHG<\/a><\/p>&mdash; Zona Roja Oaxaca (@MexRoja) <a href=\"https:\/\/twitter.com\/MexRoja\/status\/1271261153105231876?ref_src=twsrc%5Etfw\">12 de junio de 2020<\/a><\/blockquote><\/div>\n<\/div><\/figure>\n\n\n\n<p>Casi cae la noche; las \u00faltimas\npaladas sobre el f\u00e9retro de Alejandro, flores, bendiciones, agua bendita.\nL\u00e1grimas, desmayos, clamor, la advertencia del padre de Alexander al edil de\nAcatl\u00e1n, Ad\u00e1n Maciel Sosa:<\/p>\n\n\n\n<p>\u201cMe vale madre ahora, vot\u00e9 por ti pero\npor pendejo, \u00a1o\u00edste! Vot\u00e9 por ti porque mataron a tu familia pendejo, vot\u00e9 por\nti porque pens\u00e9 que ibas a ser una buena persona. \u00a1Pero mira lo que le has\nhecho a mi hijo! De aqu\u00ed pa\u2019l real te veo has de cuenta que a un perro, hijo de\ntu pinche madre\u2026<\/p>\n\n\n\n<p>\u201cYa dije en Estados Unidos si a m\u00ed me\npasa algo a m\u00ed o a mi familia, contigo van las cosas hijo de tu perra madre.\n\u00a1Mataste a un ni\u00f1o inocente!\u201d.<\/p>\n","protected":false},"excerpt":{"rendered":"<p>Ismael Garc\u00eda M.\/Zona Roja. Oaxaca de Ju\u00e1rez, Oax., 11 de junio de 2020.- Y el&hellip;<\/p>\n","protected":false},"author":2,"featured_media":13609,"comment_status":"closed","ping_status":"open","sticky":false,"template":"","format":"standard","meta":{"_lmt_disableupdate":"","_lmt_disable":"","_jetpack_memberships_contains_paid_content":false,"footnotes":""},"categories":[109,51],"tags":[187,1750],"class_list":["post-13608","post","type-post","status-publish","format-standard","has-post-thumbnail","hentry","category-minuto-a-minuto","category-zona-roja","tag-acatlan-de-perez-figueroa","tag-alexander-g"],"jetpack_featured_media_url":"https:\/\/zonaroja.com.mx\/wp-content\/uploads\/2020\/06\/Alexander-sepelio.jpg","jetpack_sharing_enabled":true,"_links":{"self":[{"href":"https:\/\/zonaroja.com.mx\/index.php?rest_route=\/wp\/v2\/posts\/13608","targetHints":{"allow":["GET"]}}],"collection":[{"href":"https:\/\/zonaroja.com.mx\/index.php?rest_route=\/wp\/v2\/posts"}],"about":[{"href":"https:\/\/zonaroja.com.mx\/index.php?rest_route=\/wp\/v2\/types\/post"}],"author":[{"embeddable":true,"href":"https:\/\/zonaroja.com.mx\/index.php?rest_route=\/wp\/v2\/users\/2"}],"replies":[{"embeddable":true,"href":"https:\/\/zonaroja.com.mx\/index.php?rest_route=%2Fwp%2Fv2%2Fcomments&post=13608"}],"version-history":[{"count":2,"href":"https:\/\/zonaroja.com.mx\/index.php?rest_route=\/wp\/v2\/posts\/13608\/revisions"}],"predecessor-version":[{"id":13611,"href":"https:\/\/zonaroja.com.mx\/index.php?rest_route=\/wp\/v2\/posts\/13608\/revisions\/13611"}],"wp:featuredmedia":[{"embeddable":true,"href":"https:\/\/zonaroja.com.mx\/index.php?rest_route=\/wp\/v2\/media\/13609"}],"wp:attachment":[{"href":"https:\/\/zonaroja.com.mx\/index.php?rest_route=%2Fwp%2Fv2%2Fmedia&parent=13608"}],"wp:term":[{"taxonomy":"category","embeddable":true,"href":"https:\/\/zonaroja.com.mx\/index.php?rest_route=%2Fwp%2Fv2%2Fcategories&post=13608"},{"taxonomy":"post_tag","embeddable":true,"href":"https:\/\/zonaroja.com.mx\/index.php?rest_route=%2Fwp%2Fv2%2Ftags&post=13608"}],"curies":[{"name":"wp","href":"https:\/\/api.w.org\/{rel}","templated":true}]}}