{"id":13620,"date":"2020-06-12T11:09:43","date_gmt":"2020-06-12T16:09:43","guid":{"rendered":"http:\/\/www.zonaroja.com.mx\/?p=13620"},"modified":"2020-06-12T11:09:46","modified_gmt":"2020-06-12T16:09:46","slug":"defiende-huitzo-a-sus-policias-por-el-caso-de-un-joven-torturado-y-otro-asesinado","status":"publish","type":"post","link":"https:\/\/zonaroja.com.mx\/?p=13620","title":{"rendered":"Defiende Huitzo a sus polic\u00edas por el caso de un joven torturado y otro asesinado"},"content":{"rendered":"\n<p>Evlin Arag\u00f3n\/Zona Roja.<\/p>\n\n\n\n<p>Oaxaca de Ju\u00e1rez, Oax., 12 de junio\nde 2020.- La autoridad municipal de San Pablo Huitzo, encabezada por Francisco\nUlberto Mart\u00ednez Santiago, sali\u00f3 en defensa de los polic\u00edas de la localidad,\nluego de las acusaciones que salieran a la luz sobre la complicidad con la que\npresuntamente actuaron en la privaci\u00f3n de la libertad de dos j\u00f3venes que fueron\ntorturados y uno de ellos asesinado a golpes, el pasado 6 de mayo. <\/p>\n\n\n\n<p>As\u00ed lo hicieron a trav\u00e9s de un\ncomunicado en el que sostuvieron que la actuaci\u00f3n de la polic\u00eda en la detenci\u00f3n\nde los hermanos Diego y Jaciel Luna Paz, se sujet\u00f3 en todo momento a derecho,\nde acuerdo a los partes informativos emitidos por los elementos que estaban de\nguardia la noche en que se registraron los hechos.<\/p>\n\n\n\n<p>\u201cLa participaci\u00f3n de la Polic\u00eda\nMunicipal en la detenci\u00f3n de Diego Luna Paz y su hermano Jaziel Luna Paz, consta\nen los partes informativos, se sujet\u00f3 en todo momento a derecho; sin embargo,\ncomo integrantes del H. Ayuntamiento y como ciudadanos huitze\u00f1os, pedimos que\nse investigue a fondo este asunto y que se determine la responsabilidad del\nhomicidio caiga quien caiga\u201d, refiere el documento.<\/p>\n\n\n\n<p>La autoridad municipal se comprometi\u00f3 a brindar apoyo total a la Fiscal\u00eda General del Estado de Oaxaca, que est\u00e1 encargada de realizar las investigaciones y a cuyo personal dotar\u00e1n de la informaci\u00f3n que existe en los archivos y que dan fe de c\u00f3mo sucedieron los hechos <\/p>\n\n\n\n<figure class=\"wp-block-image\"><img decoding=\"async\" width=\"1024\" height=\"626\" src=\"http:\/\/www.zonaroja.com.mx\/wp-content\/uploads\/2020\/06\/Caso-Huitzo-1-1024x626.jpg\" alt=\"\" class=\"wp-image-13622\" srcset=\"https:\/\/zonaroja.com.mx\/wp-content\/uploads\/2020\/06\/Caso-Huitzo-1-1024x626.jpg 1024w, https:\/\/zonaroja.com.mx\/wp-content\/uploads\/2020\/06\/Caso-Huitzo-1-300x184.jpg 300w, https:\/\/zonaroja.com.mx\/wp-content\/uploads\/2020\/06\/Caso-Huitzo-1-768x470.jpg 768w, https:\/\/zonaroja.com.mx\/wp-content\/uploads\/2020\/06\/Caso-Huitzo-1-1170x716.jpg 1170w, https:\/\/zonaroja.com.mx\/wp-content\/uploads\/2020\/06\/Caso-Huitzo-1-585x358.jpg 585w, https:\/\/zonaroja.com.mx\/wp-content\/uploads\/2020\/06\/Caso-Huitzo-1.jpg 1280w\" sizes=\"(max-width: 1024px) 100vw, 1024px\" \/><\/figure>\n\n\n\n<p>As\u00ed mismo, explicaron que no\ntolerar\u00e1n ning\u00fan acto de impunidad por lo que piden todo el peso de la ley a\nquien o quienes resulten responsables. \u201cSabemos que nada devolver\u00e1 la vida al\njoven Diego Luna Paz y nos unimos al reclamo de justicia de su familia, la\ncomunidad respalda su exigencia\u201d, manifiestan las y los integrantes del\nCabildo. <\/p>\n\n\n\n<p>Finalmente, lamentaron que la\nviolencia haya alcanzado a la localidad, a la par que reconocieron su deber y\nresponsabilidad para procurar el restablecimiento de la paz y tranquilidad que\nhist\u00f3ricamente ha caracterizado al pueblo de San Pablo Huitzo. <\/p>\n\n\n\n<p>OMISI\u00d3N MINISTERIAL<\/p>\n\n\n\n<p>Familiares de Jaciel lamentaron la\ntardanza en la actuaci\u00f3n de la Fiscal\u00eda General del Estado de Oaxaca, que a mes\ny medio, reaccion\u00f3 al caso y retom\u00f3 las indagatorias.<\/p>\n\n\n\n<p>Anoche, tras la difusi\u00f3n masiva del\nvideo e informaci\u00f3n del caso, emiti\u00f3 un escueto comunicado en el asegura que\ncontin\u00faa realizando las investigaciones para esclarecer el homicidio de Diego\nL.P., y las lesiones infringidas contra otro joven agredido con la primera\nv\u00edctima. <\/p>\n\n\n\n<p>Contrario a lo que dicen los\nfamiliares y la autoridad de Huitzo, asegura que los hechos sucedieron el 7 de\nmayo.<\/p>\n\n\n\n<p>La instancia asegur\u00f3 que despu\u00e9s de\nlos reportes del hallazgo de un cuerpo sobre la carretera Internacional 190,\ntramo Telixtlahuaca-Nochixtl\u00e1n, el pasado 7 de mayo, iniciaron \u201cuna exhaustiva\ny diligente investigaci\u00f3n\u201d, integrando la carpeta n\u00famero 1432\/FVCE\/ETLA\/2020\npara aclarar con prontitud el hecho y fincar responsabilidades, sin embargo, a\nm\u00e1s de un mes de los hechos no dio a conocer ning\u00fan tipo de avance.<\/p>\n","protected":false},"excerpt":{"rendered":"<p>Evlin Arag\u00f3n\/Zona Roja. Oaxaca de Ju\u00e1rez, Oax., 12 de junio de 2020.- La autoridad municipal&hellip;<\/p>\n","protected":false},"author":2,"featured_media":13621,"comment_status":"closed","ping_status":"open","sticky":false,"template":"","format":"standard","meta":{"_lmt_disableupdate":"","_lmt_disable":"","_jetpack_memberships_contains_paid_content":false,"footnotes":""},"categories":[109,47],"tags":[1744],"class_list":["post-13620","post","type-post","status-publish","format-standard","has-post-thumbnail","hentry","category-minuto-a-minuto","category-zona-gris","tag-san-pablo-villa-de-huitzo"],"jetpack_featured_media_url":"https:\/\/zonaroja.com.mx\/wp-content\/uploads\/2020\/06\/Caso-Huitzo-2.jpg","jetpack_sharing_enabled":true,"_links":{"self":[{"href":"https:\/\/zonaroja.com.mx\/index.php?rest_route=\/wp\/v2\/posts\/13620","targetHints":{"allow":["GET"]}}],"collection":[{"href":"https:\/\/zonaroja.com.mx\/index.php?rest_route=\/wp\/v2\/posts"}],"about":[{"href":"https:\/\/zonaroja.com.mx\/index.php?rest_route=\/wp\/v2\/types\/post"}],"author":[{"embeddable":true,"href":"https:\/\/zonaroja.com.mx\/index.php?rest_route=\/wp\/v2\/users\/2"}],"replies":[{"embeddable":true,"href":"https:\/\/zonaroja.com.mx\/index.php?rest_route=%2Fwp%2Fv2%2Fcomments&post=13620"}],"version-history":[{"count":1,"href":"https:\/\/zonaroja.com.mx\/index.php?rest_route=\/wp\/v2\/posts\/13620\/revisions"}],"predecessor-version":[{"id":13623,"href":"https:\/\/zonaroja.com.mx\/index.php?rest_route=\/wp\/v2\/posts\/13620\/revisions\/13623"}],"wp:featuredmedia":[{"embeddable":true,"href":"https:\/\/zonaroja.com.mx\/index.php?rest_route=\/wp\/v2\/media\/13621"}],"wp:attachment":[{"href":"https:\/\/zonaroja.com.mx\/index.php?rest_route=%2Fwp%2Fv2%2Fmedia&parent=13620"}],"wp:term":[{"taxonomy":"category","embeddable":true,"href":"https:\/\/zonaroja.com.mx\/index.php?rest_route=%2Fwp%2Fv2%2Fcategories&post=13620"},{"taxonomy":"post_tag","embeddable":true,"href":"https:\/\/zonaroja.com.mx\/index.php?rest_route=%2Fwp%2Fv2%2Ftags&post=13620"}],"curies":[{"name":"wp","href":"https:\/\/api.w.org\/{rel}","templated":true}]}}