{"id":13634,"date":"2020-06-12T17:47:40","date_gmt":"2020-06-12T22:47:40","guid":{"rendered":"https:\/\/www.zonaroja.com.mx\/?p=13634"},"modified":"2020-06-12T17:47:45","modified_gmt":"2020-06-12T22:47:45","slug":"diputadas-federales-piden-sanciones-para-edil-de-oaxaca-invocan-nueva-legislacion-sobre-violencia","status":"publish","type":"post","link":"https:\/\/zonaroja.com.mx\/?p=13634","title":{"rendered":"Diputadas federales piden sanciones para edil de Oaxaca; invocan nueva legislaci\u00f3n sobre violencia"},"content":{"rendered":"\n<p>Evlin Arag\u00f3n:Zona Roja.&nbsp;<\/p>\n\n\n\n<p>Oaxaca de Ju\u00e1rez, Oax., 12 de junio de 2020.-&nbsp;Integrantes del Grupo Plural por la Igualdad Sustantiva del Congreso de la Uni\u00f3n, rechazaron la violencia pol\u00edtica por raz\u00f3n de g\u00e9nero, ejercida por el edil de Oaxaca de Ju\u00e1rez, Oswaldo Garc\u00eda Jarqu\u00edn, contra Jaquelina Escamilla Villanueva, quien fuera directora del Instituto Municipal de las Mujeres de la capital del estado, y pidieron se haga valer la nueva legislaci\u00f3n al respecto.<\/p>\n\n\n\n<p>As\u00ed lo expresaron en una conferencia de prensa que realizaron&nbsp;<a href=\"\/\/0\">este jueves<\/a>&nbsp;y en donde se comprometieron a darle seguimiento de forma personal al tema, con la finalidad de llegar hasta las \u00faltimas consecuencias, dado que la legislaci\u00f3n reci\u00e9n aprobada a nivel nacional establece sanciones de forma administrativa y penal para quienes ejerzan violencia pol\u00edtica por raz\u00f3n de g\u00e9nero.<\/p>\n\n\n\n<p>Martha Tagle, Guadalupe Almaguer, Ver\u00f3nica Ju\u00e1rez, Lorena Villavicencio y Aleida Alav\u00e9s, entre otras, fueron las diputadas federales que encabezaron la conferencia en la que tambi\u00e9n estuvo presente Jaquelina Escamilla para dar testimonio de los hechos en los que fueron vulnerados sus derechos pol\u00edticos y laborales.<\/p>\n\n\n\n<p>Todas coincidieron en la indignaci\u00f3n que les causa el actuar de Oswaldo Garc\u00eda Jarqu\u00edn, a quien adem\u00e1s reclamaron no estar al tanto de los avances legislativos que en Oaxaca garantizan el derecho de las mujeres a decidir sobre su cuerpo, de forma particular de interrumpir su embarazo antes&nbsp;<a href=\"\/\/2\">de las doce<\/a>semanas de gestaci\u00f3n.<\/p>\n\n\n\n<p>\u201cEs un asunto de clara violencia pol\u00edtica lo que se ha hecho contra tu persona y contra el Instituto. Yo creo que el tema tendr\u00e1 que resolverlo los tribunales. Afortunadamente ya tenemos ley que sanciona la violencia pol\u00edtica contra las mujeres y este ser\u00e1 un buen ejemplo para hacerla cumplir\u201d, refiero la diputada por el PRD, Guadalupe Almaguer.<\/p>\n\n\n\n<p>Debido a que existen procedimientos iniciados ante la Fiscal\u00eda General del Estado de Oaxaca y&nbsp;las instancias electorales estatales, la diputada federal Ver\u00f3nica Ju\u00e1rez, pidi\u00f3 que se atiendan de forma r\u00e1pida los expedientes a fin de que puedan emitirse las sanciones correspondientes debido a la evidente violaci\u00f3n de los derechos de las mujeres en Oaxaca.<\/p>\n\n\n\n<p>Todas evocaron la nueva legislaci\u00f3n, misma que recordaba ha sido homologada en la entidad oaxaque\u00f1a, por lo que advirtieron sanciones administrativas o de car\u00e1cter penal para el edil Oswaldo Garc\u00eda, luego de tratar de obligar al Escamilla Villanueva a realizar acciones que iban en contra de sus funciones al interior de la instancia que representaba y adem\u00e1s despedirla por ello.&nbsp;<\/p>\n\n\n\n<p>\u201cLo importante de la nueva ley que sanciona al agresor, es que no solamente protege a candidatas a cargos de representaci\u00f3n popular sino tambi\u00e9n a las funcionarias p\u00fablicas o que se encuentran en alg\u00fan cargo de la administraci\u00f3n p\u00fablica\u201d asegur\u00f3 la diputada por Morena, Lorena Villavicencio.<\/p>\n\n\n\n<p>As\u00ed mismo, asegur\u00f3 que pese a su investidura, Garc\u00eda Jarqu\u00edn puede ser sujeto de sanci\u00f3n, y para ello estar\u00e1n acompa\u00f1ando de cerca el proceso, con puntos de acuerdo y exhortos que deriven en las sanciones, ya&nbsp;que son sabedoras que la violencia, en cualquiera de sus formas,&nbsp;pretenden anular los derechos de las mujeres.<\/p>\n\n\n\n<p>Finalmente, la diputada Aleida Alav\u00e9s asegur\u00f3 que es primordial que los pol\u00edticos entiendan que no pueden imponer sus ideas por encima de la ley, al hacer referencia de la necedad del edil capitalino y su esposa por realizar un evento con tintes religiosos.<\/p>\n","protected":false},"excerpt":{"rendered":"<p>Evlin Arag\u00f3n:Zona Roja.&nbsp; Oaxaca de Ju\u00e1rez, Oax., 12 de junio de 2020.-&nbsp;Integrantes del Grupo Plural&hellip;<\/p>\n","protected":false},"author":2,"featured_media":13005,"comment_status":"closed","ping_status":"open","sticky":false,"template":"","format":"standard","meta":{"_lmt_disableupdate":"","_lmt_disable":"","_jetpack_memberships_contains_paid_content":false,"footnotes":""},"categories":[109,47],"tags":[244],"class_list":["post-13634","post","type-post","status-publish","format-standard","has-post-thumbnail","hentry","category-minuto-a-minuto","category-zona-gris","tag-jaqueline-escamilla-villanueva"],"jetpack_featured_media_url":"https:\/\/zonaroja.com.mx\/wp-content\/uploads\/2020\/05\/Jaqueline-Escamilla-2.jpg","jetpack_sharing_enabled":true,"_links":{"self":[{"href":"https:\/\/zonaroja.com.mx\/index.php?rest_route=\/wp\/v2\/posts\/13634","targetHints":{"allow":["GET"]}}],"collection":[{"href":"https:\/\/zonaroja.com.mx\/index.php?rest_route=\/wp\/v2\/posts"}],"about":[{"href":"https:\/\/zonaroja.com.mx\/index.php?rest_route=\/wp\/v2\/types\/post"}],"author":[{"embeddable":true,"href":"https:\/\/zonaroja.com.mx\/index.php?rest_route=\/wp\/v2\/users\/2"}],"replies":[{"embeddable":true,"href":"https:\/\/zonaroja.com.mx\/index.php?rest_route=%2Fwp%2Fv2%2Fcomments&post=13634"}],"version-history":[{"count":1,"href":"https:\/\/zonaroja.com.mx\/index.php?rest_route=\/wp\/v2\/posts\/13634\/revisions"}],"predecessor-version":[{"id":13635,"href":"https:\/\/zonaroja.com.mx\/index.php?rest_route=\/wp\/v2\/posts\/13634\/revisions\/13635"}],"wp:featuredmedia":[{"embeddable":true,"href":"https:\/\/zonaroja.com.mx\/index.php?rest_route=\/wp\/v2\/media\/13005"}],"wp:attachment":[{"href":"https:\/\/zonaroja.com.mx\/index.php?rest_route=%2Fwp%2Fv2%2Fmedia&parent=13634"}],"wp:term":[{"taxonomy":"category","embeddable":true,"href":"https:\/\/zonaroja.com.mx\/index.php?rest_route=%2Fwp%2Fv2%2Fcategories&post=13634"},{"taxonomy":"post_tag","embeddable":true,"href":"https:\/\/zonaroja.com.mx\/index.php?rest_route=%2Fwp%2Fv2%2Ftags&post=13634"}],"curies":[{"name":"wp","href":"https:\/\/api.w.org\/{rel}","templated":true}]}}