{"id":13639,"date":"2020-06-12T20:00:29","date_gmt":"2020-06-13T01:00:29","guid":{"rendered":"http:\/\/www.zonaroja.com.mx\/?p=13639"},"modified":"2020-06-12T20:02:59","modified_gmt":"2020-06-13T01:02:59","slug":"asesinan-a-balazos-a-dos-personas-este-viernes-en-oaxaca","status":"publish","type":"post","link":"https:\/\/zonaroja.com.mx\/?p=13639","title":{"rendered":"Asesinan a balazos a dos personas este viernes en Oaxaca"},"content":{"rendered":"\n<p>Redacci\u00f3n\/Zona Roja.<\/p>\n\n\n\n<p>Oaxaca de Ju\u00e1rez, Oax., 12 de junio\nde 2020.- Dos personas fueron asesinadas por disparos de arma de fuego este\nviernes, en las regiones Sierra Sur y Costa, mientras que en San Juan Bautista\nTuxtepec fue hallada una presunta fosca clandestina.<\/p>\n\n\n\n<p>En el municipio de Santa Mar\u00eda\nIpalapa, perteneciente al distrito de Putla, fue ultimado a balazos a una\npersona del sexo masculino.<\/p>\n\n\n\n<p>El cuerpo fue hallado a un costado de\nla carretera local que comunica a la localidad de Los Llanos; se trata de un\nvar\u00f3n a\u00fan sin identificar, de aproximadamente 56 a\u00f1os de edad.<\/p>\n\n\n\n<p>Mientras que en Bajos de Chila,\nagencia colindante con Puerto Escondido y perteneciente al municipio de San\nPedro Mixtepec, fue ultimado con proyectiles de arma de fuego un individuo\nidentificado como Humberto Guti\u00e9rrez Silva.<\/p>\n\n\n\n<p>Fue director del Colegio de\nBachilleres de Oaxaca con sede en Puerto Escondido, se inform\u00f3 de manera\npreliminar.<\/p>\n\n\n\n<p>Por otra parte, en San Juan Bautista\nTuxtepec, este mediod\u00eda personal de la Fiscal\u00eda General del Estado, de la\nGuardia Nacional, de la Polic\u00eda Estatal y del Ej\u00e9rcito Mexicano, revisaron un\nsitio donde presuntamente hab\u00eda restos humanos en una fosa clandestina.<\/p>\n\n\n\n<p>Hasta el momento no hay informaci\u00f3n\noficial al respecto pero seg\u00fan las primeras versiones, se habr\u00eda hallado al\nmenos un cuerpo de una mujer, de las que han desaparecido en Tuxtepec.<\/p>\n\n\n\n<p>El sitio, carretera que conduce al\nfraccionamiento Casas Geo de la localidad El Porvenir, lo habr\u00eda dado a conocer\nun individuo de nombre Omar B. G., detenido hoy acusado de la desaparici\u00f3n de\nCasandra, hace m\u00e1s de un mes.<\/p>\n","protected":false},"excerpt":{"rendered":"<p>Redacci\u00f3n\/Zona Roja. Oaxaca de Ju\u00e1rez, Oax., 12 de junio de 2020.- Dos personas fueron asesinadas&hellip;<\/p>\n","protected":false},"author":2,"featured_media":13640,"comment_status":"closed","ping_status":"open","sticky":false,"template":"","format":"standard","meta":{"_lmt_disableupdate":"","_lmt_disable":"","_jetpack_memberships_contains_paid_content":false,"footnotes":""},"categories":[109,47],"tags":[1753],"class_list":["post-13639","post","type-post","status-publish","format-standard","has-post-thumbnail","hentry","category-minuto-a-minuto","category-zona-gris","tag-santa-maria-ipalapa"],"jetpack_featured_media_url":"https:\/\/zonaroja.com.mx\/wp-content\/uploads\/2020\/06\/Ipalapa2.jpg","jetpack_sharing_enabled":true,"_links":{"self":[{"href":"https:\/\/zonaroja.com.mx\/index.php?rest_route=\/wp\/v2\/posts\/13639","targetHints":{"allow":["GET"]}}],"collection":[{"href":"https:\/\/zonaroja.com.mx\/index.php?rest_route=\/wp\/v2\/posts"}],"about":[{"href":"https:\/\/zonaroja.com.mx\/index.php?rest_route=\/wp\/v2\/types\/post"}],"author":[{"embeddable":true,"href":"https:\/\/zonaroja.com.mx\/index.php?rest_route=\/wp\/v2\/users\/2"}],"replies":[{"embeddable":true,"href":"https:\/\/zonaroja.com.mx\/index.php?rest_route=%2Fwp%2Fv2%2Fcomments&post=13639"}],"version-history":[{"count":1,"href":"https:\/\/zonaroja.com.mx\/index.php?rest_route=\/wp\/v2\/posts\/13639\/revisions"}],"predecessor-version":[{"id":13641,"href":"https:\/\/zonaroja.com.mx\/index.php?rest_route=\/wp\/v2\/posts\/13639\/revisions\/13641"}],"wp:featuredmedia":[{"embeddable":true,"href":"https:\/\/zonaroja.com.mx\/index.php?rest_route=\/wp\/v2\/media\/13640"}],"wp:attachment":[{"href":"https:\/\/zonaroja.com.mx\/index.php?rest_route=%2Fwp%2Fv2%2Fmedia&parent=13639"}],"wp:term":[{"taxonomy":"category","embeddable":true,"href":"https:\/\/zonaroja.com.mx\/index.php?rest_route=%2Fwp%2Fv2%2Fcategories&post=13639"},{"taxonomy":"post_tag","embeddable":true,"href":"https:\/\/zonaroja.com.mx\/index.php?rest_route=%2Fwp%2Fv2%2Ftags&post=13639"}],"curies":[{"name":"wp","href":"https:\/\/api.w.org\/{rel}","templated":true}]}}