{"id":13643,"date":"2020-06-12T21:10:11","date_gmt":"2020-06-13T02:10:11","guid":{"rendered":"http:\/\/www.zonaroja.com.mx\/?p=13643"},"modified":"2020-06-12T21:10:14","modified_gmt":"2020-06-13T02:10:14","slug":"mama-de-alexander-sigue-de-pie-para-exigir-justicia-agradece-apoyo-institucional","status":"publish","type":"post","link":"https:\/\/zonaroja.com.mx\/?p=13643","title":{"rendered":"Mam\u00e1 de Alexander sigue de pie para exigir justicia; agradece apoyo institucional"},"content":{"rendered":"\n<p>Redacci\u00f3n\/Zona Roja.<\/p>\n\n\n\n<p>Oaxaca de Ju\u00e1rez, Oax., 12 de junio\nde 2020.- Un d\u00eda despu\u00e9s de despedir el cuerpo de su hijo, Virginia G\u00f3mez,\nmadre de Alexander, sigue de pie para exigir justicia por el asesinato del\nmenor de edad y el ataque violento armado a un grupo de j\u00f3venes en Acatl\u00e1n de\nP\u00e9rez Figueroa por parte la Polic\u00eda Municipal.<\/p>\n\n\n\n<p>\u201cHoy es el d\u00eda que amanezco sin mi\nhijo, en el que ya no lo puedo volver a ver, ni abrazar\u201d, expresa la adolorida\nmadre en un video que public\u00f3 para agradecer el inter\u00e9s y la intervenci\u00f3n del\ngobernador Alejandro Murat.<\/p>\n\n\n\n<p>Alexander Mart\u00ednez G\u00f3mez muri\u00f3 por el\ndisparo de escopeta de parte un elemento de la Polic\u00eda Municipal de Acatl\u00e1n de\nP\u00e9rez Figueroa, ocurrido el pasado 9 de junio en la comunidad de Vicente\nCamalote; en el hecho result\u00f3 herido de gravedad otro menor de 15 a\u00f1os.<\/p>\n\n\n\n<p>La madre de \u201cChander\u201d, as\u00ed conocido,\nexigi\u00f3 al gobernador justicia por el hecho del que fueron v\u00edctimas cerca de\nnueve j\u00f3venes. \u201cQuiero todo el peso de la ley sobre esa gente, quiero a todos\nlos que estaban en la patrulla 023 tras las rejas\u201d, fue el llamado en\u00e9rgico.<\/p>\n\n\n\n<p>La mujer dijo que pensaba que en su\npueblo pod\u00eda vivir en paz con sus dos hijos, donde su Alexander &#8211;de doble\nnacionalidad M\u00e9xico-Americana&#8211;, podr\u00eda cumplir por completo su sue\u00f1o de ser\nfutbolista profesional en este pa\u00eds; pero los polic\u00edas acabaron con su vida.<\/p>\n\n\n\n<p>\u201cNo quiero a estos polic\u00edas\ncorruptos\u201d, a los que tambi\u00e9n acus\u00f3 de ejercer sus funciones bajo el temor de\nser perseguidos, y por eso \u201cse cuidan y a todo le temen\u201d.<\/p>\n\n\n\n<p>Virginia le demand\u00f3 al gobernador continuar con las diligencias correspondientes y no abandonar el caso, \u201cse lo suplico como madre, tengo fuerza y voy a seguir adelante, no voy a parar (hasta\u00a0 tener justica\u201d, asegur\u00f3.<\/p>\n\n\n\n<figure class=\"wp-block-image\"><img decoding=\"async\" width=\"587\" height=\"459\" src=\"http:\/\/www.zonaroja.com.mx\/wp-content\/uploads\/2020\/06\/Sepelio-Alexander-1.jpg\" alt=\"\" class=\"wp-image-13645\" srcset=\"https:\/\/zonaroja.com.mx\/wp-content\/uploads\/2020\/06\/Sepelio-Alexander-1.jpg 587w, https:\/\/zonaroja.com.mx\/wp-content\/uploads\/2020\/06\/Sepelio-Alexander-1-300x235.jpg 300w, https:\/\/zonaroja.com.mx\/wp-content\/uploads\/2020\/06\/Sepelio-Alexander-1-585x457.jpg 585w\" sizes=\"(max-width: 587px) 100vw, 587px\" \/><\/figure>\n\n\n\n<p>\u201cES UNA VERG\u00dcENZA\u201d<\/p>\n\n\n\n<p>\u201cNo voy a descansar con la embajada\nAmericana hasta que saquen a esos malditos polic\u00edas; me vale madre\u201d, sentenci\u00f3\nTeodoro Mart\u00ednez, padre de Alexander, durante el sepelio de su hijo.<\/p>\n\n\n\n<p>Con el coraje atravesado y el llanto\ncontenido, el hombre radicado en California, Estados Unidos, y que lleg\u00f3 a\nOaxaca para despedirse de su hijo, lanz\u00f3 una serie de amenazas contra el edil\nde Acatl\u00e1n de P\u00e9rez Figueroa, Ad\u00e1n Maciel, a quien le reproch\u00f3 un mal gobierno.<\/p>\n\n\n\n<p>En medio de familiares y amigos,\nquienes en un\u00edsono tambi\u00e9n exigieron justicia, el hombre dijo que no descansar\u00e1\nhasta lograrlo. \u201cNo voy a quitar el dedo de encima, basta de tantas muertes, de\ntantas familias separadas\u201d, asever\u00f3.<\/p>\n\n\n\n<p>El se\u00f1or Mart\u00ednez le record\u00f3 al\npresidente que crey\u00f3 en su palabra de que har\u00eda un buen gobierno, por lo que le\ndijo: \u201cvot\u00e9 por ti, pero por pendejo. Cuando mataron a tu familia y vot\u00e9 por ti\nporque pens\u00e9 que ibas a ser una buena persona\u201d a lo que agreg\u00f3 \u201cy mira lo que\nme has hecho con mi hijo, perro desgraciado, mataste a mi hijo\u201d.<\/p>\n\n\n\n<p>Con el \u00e1nimo desgarrado, el padre de\nAlexander apunt\u00f3 que en lo personal no tiene miedo, pero puso en sobreaviso a\nlas autoridades de Estados Unidos que, si a \u00e9 o su familia le pasan algo, el\nculpable ser\u00e1 el edil de Acatl\u00e1n.<\/p>\n\n\n\n<p>\u201cMataste a un ni\u00f1o inocente, a un\nni\u00f1o que jam\u00e1s supo lo que era un arma. Pendejo este, estas son putas madres lo\nque hiciste Ad\u00e1n\u201d, no se cans\u00f3 de repetir el inconsolable padre frente al ata\u00fad\nde su hijo.<\/p>\n\n\n\n<p>Para \u00e9l, su comunidad dej\u00f3 de tener\npaz, \u201cque regi\u00f3n es esta, est\u00e1n matando a todos, es una verg\u00fcenza. Me voy, y me\nentero que mataste a cinco personas hace cinco a\u00f1os, y ahora regreso porque\nmataste a mi hijo, no te tengo miedo y no tengo armas\u201d, se\u00f1al\u00f3 don Teodoro.<\/p>\n\n\n\n<p>Durante el sepelio de Alexander de 16\na\u00f1os, su t\u00edo tambi\u00e9n exigi\u00f3 justicia y ret\u00f3 al edil a entregar a los\nresponsables del delito.<\/p>\n\n\n\n<p>\u201cNo lo cubras y que no anden\nlevantando falsos testimonios. Las cosas son como son, son claras, como lo han declarado\nlos muchachos testigos, no cubras a los asesinos\u201d.<\/p>\n\n\n\n<p>As\u00ed, entre l\u00e1grimas, reclamos y\nexigencias por justicia despidieron el cuerpo de Alexander este 11 de junio.<\/p>\n","protected":false},"excerpt":{"rendered":"<p>Redacci\u00f3n\/Zona Roja. Oaxaca de Ju\u00e1rez, Oax., 12 de junio de 2020.- Un d\u00eda despu\u00e9s de&hellip;<\/p>\n","protected":false},"author":2,"featured_media":13644,"comment_status":"closed","ping_status":"open","sticky":false,"template":"","format":"standard","meta":{"_lmt_disableupdate":"","_lmt_disable":"","_jetpack_memberships_contains_paid_content":false,"footnotes":""},"categories":[109,47],"tags":[187,1749],"class_list":["post-13643","post","type-post","status-publish","format-standard","has-post-thumbnail","hentry","category-minuto-a-minuto","category-zona-gris","tag-acatlan-de-perez-figueroa","tag-alexander-g-m"],"jetpack_featured_media_url":"https:\/\/zonaroja.com.mx\/wp-content\/uploads\/2020\/06\/Sepelio-Alexander-2.jpg","jetpack_sharing_enabled":true,"_links":{"self":[{"href":"https:\/\/zonaroja.com.mx\/index.php?rest_route=\/wp\/v2\/posts\/13643","targetHints":{"allow":["GET"]}}],"collection":[{"href":"https:\/\/zonaroja.com.mx\/index.php?rest_route=\/wp\/v2\/posts"}],"about":[{"href":"https:\/\/zonaroja.com.mx\/index.php?rest_route=\/wp\/v2\/types\/post"}],"author":[{"embeddable":true,"href":"https:\/\/zonaroja.com.mx\/index.php?rest_route=\/wp\/v2\/users\/2"}],"replies":[{"embeddable":true,"href":"https:\/\/zonaroja.com.mx\/index.php?rest_route=%2Fwp%2Fv2%2Fcomments&post=13643"}],"version-history":[{"count":1,"href":"https:\/\/zonaroja.com.mx\/index.php?rest_route=\/wp\/v2\/posts\/13643\/revisions"}],"predecessor-version":[{"id":13646,"href":"https:\/\/zonaroja.com.mx\/index.php?rest_route=\/wp\/v2\/posts\/13643\/revisions\/13646"}],"wp:featuredmedia":[{"embeddable":true,"href":"https:\/\/zonaroja.com.mx\/index.php?rest_route=\/wp\/v2\/media\/13644"}],"wp:attachment":[{"href":"https:\/\/zonaroja.com.mx\/index.php?rest_route=%2Fwp%2Fv2%2Fmedia&parent=13643"}],"wp:term":[{"taxonomy":"category","embeddable":true,"href":"https:\/\/zonaroja.com.mx\/index.php?rest_route=%2Fwp%2Fv2%2Fcategories&post=13643"},{"taxonomy":"post_tag","embeddable":true,"href":"https:\/\/zonaroja.com.mx\/index.php?rest_route=%2Fwp%2Fv2%2Ftags&post=13643"}],"curies":[{"name":"wp","href":"https:\/\/api.w.org\/{rel}","templated":true}]}}