{"id":13655,"date":"2020-06-13T08:00:44","date_gmt":"2020-06-13T13:00:44","guid":{"rendered":"http:\/\/www.zonaroja.com.mx\/?p=13655"},"modified":"2020-06-13T08:00:46","modified_gmt":"2020-06-13T13:00:46","slug":"se-une-la-segob-a-reclamo-de-justicia-por-caso-alexander-en-oaxaca","status":"publish","type":"post","link":"https:\/\/zonaroja.com.mx\/?p=13655","title":{"rendered":"Se une la Segob a reclamo de justicia por caso Alexander en Oaxaca"},"content":{"rendered":"\n<p>Redacci\u00f3n\/Zona\nRoja.<\/p>\n\n\n\n<p>Oaxaca de\nJu\u00e1rez, Oax., 13 de junio de 2020.- La titular de la Secretar\u00eda de Gobernaci\u00f3n (Segob), Olga S\u00e1nchez Cordero,\nse uni\u00f3 a la voces que piden justicia para Alexander G. M., asesinado en\nAcatl\u00e1n de P\u00e9rez Figueroa, Oaxaca, la noche del pasado martes 9 de junio.<\/p>\n\n\n\n<p>El adolescente fue ultimado con\ndisparos de arma de fuego por un elemento de la Polic\u00eda Municipal, cuando\nacud\u00eda por un refresco a una tienda de la localidad Vicente Camalote.<\/p>\n\n\n\n<p>A trav\u00e9s de su cuenta de Twitter,\nS\u00e1nchez Cordero expres\u00f3 su solidaridad a la familia del joven de 16 a\u00f1os y\nasegur\u00f3 que la Segob sigue el caso desde el primer d\u00eda que se denunci\u00f3.<\/p>\n\n\n\n<p>\u201cNos unimos a las voces que claman\njusticia para Alexander y expresamos a su familia nuestra solidaridad y apoyo\nen lo que podamos coadyuvar. Hemos seguido con atenci\u00f3n el proceso desde el\nprimer d\u00eda en Oaxaca\u201d, escribi\u00f3.<\/p>\n\n\n\n<p>Tras este hecho, la madre de\nAlexander le envi\u00f3 una carta dirigida al gobernador Alejandro Murat, en el que\nexigi\u00f3 al fiscal Rub\u00e9n Vasconcelos M\u00e9ndez que gire \u00f3rdenes de aprehensi\u00f3n\ncontra los elementos de la polic\u00eda municipal de Acatl\u00e1n de P\u00e9rez Figueroa que\niban en la patrulla 023.<\/p>\n\n\n\n<p>Seg\u00fan la Fiscal\u00eda General, uno de los\ndetenidos, probable autor material, ya rinde su declaraci\u00f3n en un juzgado de\nSan Juan Bautista Tuxtepec.<\/p>\n","protected":false},"excerpt":{"rendered":"<p>Redacci\u00f3n\/Zona Roja. Oaxaca de Ju\u00e1rez, Oax., 13 de junio de 2020.- La titular de la&hellip;<\/p>\n","protected":false},"author":2,"featured_media":13656,"comment_status":"closed","ping_status":"open","sticky":false,"template":"","format":"standard","meta":{"_lmt_disableupdate":"","_lmt_disable":"","_jetpack_memberships_contains_paid_content":false,"footnotes":""},"categories":[109,47],"tags":[1749,948],"class_list":["post-13655","post","type-post","status-publish","format-standard","has-post-thumbnail","hentry","category-minuto-a-minuto","category-zona-gris","tag-alexander-g-m","tag-olga-sanchez-cordero"],"jetpack_featured_media_url":"https:\/\/zonaroja.com.mx\/wp-content\/uploads\/2020\/06\/Olga-S\u00e1nchez-Cordero-1.jpeg","jetpack_sharing_enabled":true,"_links":{"self":[{"href":"https:\/\/zonaroja.com.mx\/index.php?rest_route=\/wp\/v2\/posts\/13655","targetHints":{"allow":["GET"]}}],"collection":[{"href":"https:\/\/zonaroja.com.mx\/index.php?rest_route=\/wp\/v2\/posts"}],"about":[{"href":"https:\/\/zonaroja.com.mx\/index.php?rest_route=\/wp\/v2\/types\/post"}],"author":[{"embeddable":true,"href":"https:\/\/zonaroja.com.mx\/index.php?rest_route=\/wp\/v2\/users\/2"}],"replies":[{"embeddable":true,"href":"https:\/\/zonaroja.com.mx\/index.php?rest_route=%2Fwp%2Fv2%2Fcomments&post=13655"}],"version-history":[{"count":1,"href":"https:\/\/zonaroja.com.mx\/index.php?rest_route=\/wp\/v2\/posts\/13655\/revisions"}],"predecessor-version":[{"id":13657,"href":"https:\/\/zonaroja.com.mx\/index.php?rest_route=\/wp\/v2\/posts\/13655\/revisions\/13657"}],"wp:featuredmedia":[{"embeddable":true,"href":"https:\/\/zonaroja.com.mx\/index.php?rest_route=\/wp\/v2\/media\/13656"}],"wp:attachment":[{"href":"https:\/\/zonaroja.com.mx\/index.php?rest_route=%2Fwp%2Fv2%2Fmedia&parent=13655"}],"wp:term":[{"taxonomy":"category","embeddable":true,"href":"https:\/\/zonaroja.com.mx\/index.php?rest_route=%2Fwp%2Fv2%2Fcategories&post=13655"},{"taxonomy":"post_tag","embeddable":true,"href":"https:\/\/zonaroja.com.mx\/index.php?rest_route=%2Fwp%2Fv2%2Ftags&post=13655"}],"curies":[{"name":"wp","href":"https:\/\/api.w.org\/{rel}","templated":true}]}}