{"id":13658,"date":"2020-06-13T08:23:01","date_gmt":"2020-06-13T13:23:01","guid":{"rendered":"http:\/\/www.zonaroja.com.mx\/?p=13658"},"modified":"2020-06-13T08:23:09","modified_gmt":"2020-06-13T13:23:09","slug":"indaga-ddhpo-caso-huitzo-en-2019-recibio-1344-quejas-contra-autoridades","status":"publish","type":"post","link":"https:\/\/zonaroja.com.mx\/?p=13658","title":{"rendered":"Indaga DDHPO caso Huitzo; en 2019 recibi\u00f3 1,344 quejas contra autoridades"},"content":{"rendered":"\n<p>Redacci\u00f3n\/Zona Roja.<\/p>\n\n\n\n<p>Oaxaca de Ju\u00e1rez, Oax., 13 de junio\nde 2020.- La Defensor\u00eda de los Derechos Humanos del Pueblo de Oaxaca (DDHPO)\ninici\u00f3 de oficio un proceso de investigaci\u00f3n por violaciones a garant\u00edas de dos\nj\u00f3venes en San Pablo Huitzo, en que uno de ellos muri\u00f3.<\/p>\n\n\n\n<p>De acuerdo con el organismo, en 2019 recibi\u00f3\nmil 344 quejas contra autoridades municipales, de las cuales casi el 20 por\nciento estuvieron relacionadas con actos de abuso de autoridad cometidas por\ndirectores, comandantes, tenientes y elementos de las polic\u00edas municipales, as\u00ed\ncomo topiles.<\/p>\n\n\n\n<p>En este 2020 tiene documentados dos\nmuertes al interior de los centros de detenci\u00f3n municipal de El Espinal y\nMat\u00edas Romero, as\u00ed como 120 quejas por actuaciones violatorias de derechos\nhumanos cometidas por corporaciones polic\u00edacas municipales.<\/p>\n\n\n\n<p>Entre los principales motivos de\nqueja se encuentran: \u201cfalta o deficiencia en la motivaci\u00f3n de los actos de\nautoridad\u201d; \u201cdetenci\u00f3n arbitraria\u201d, \u201cuso indebido o desproporcionado de la\nfuerza\u201d, \u201ctratos crueles o inhumanos\u201d, \u201csuspensi\u00f3n arbitraria de los derechos\nde una persona\u201d, \u201cimposici\u00f3n de penas o sanciones crueles e inhumanas\u201d,\n\u201cdetenci\u00f3n ilegal\u201d, \u201cagresiones\u201d y \u201camenazas\u201d.<\/p>\n\n\n\n<p>A este hecho, se suma el incremento\nde la vigilancia policial por la instalaci\u00f3n de filtros sanitarios o cierres de\nfronteras municipales en 146 localidades al interior del estado&nbsp; &#8211;de acuerdo a un recuento efectuado por la\ninstituci\u00f3n&#8211;, sin que exista en la mayor\u00eda de los casos, un protocolo de\nactuaci\u00f3n por parte de los elementos polic\u00edacos municipales o personal que se\nencarga de su resguardo.<\/p>\n\n\n\n<p>As\u00ed tambi\u00e9n, el \u00f3rgano aut\u00f3nomo\nadvirti\u00f3 fallas estructurales en los cuerpos de seguridad municipal, luego que\neste martes 9 de junio se registr\u00f3 el homicidio de un joven deportista y\nlesiones contra otro, hechos en los que estuvieron involucrados tentativamente\npolic\u00edas municipales de Acatl\u00e1n de P\u00e9rez Figueroa.<\/p>\n\n\n\n<p>La Defensor\u00eda de los Derechos Humanos\ndel Pueblo de Oaxaca resalt\u00f3 la urgencia de establecer procesos de formaci\u00f3n,\nsensibilizaci\u00f3n y acreditaci\u00f3n de los elementos municipales, as\u00ed como\nfortalecer los controles de confianza y profesionalizaci\u00f3n de los elementos.<\/p>\n","protected":false},"excerpt":{"rendered":"<p>Redacci\u00f3n\/Zona Roja. Oaxaca de Ju\u00e1rez, Oax., 13 de junio de 2020.- La Defensor\u00eda de los&hellip;<\/p>\n","protected":false},"author":2,"featured_media":13659,"comment_status":"closed","ping_status":"open","sticky":false,"template":"","format":"standard","meta":{"_lmt_disableupdate":"","_lmt_disable":"","_jetpack_memberships_contains_paid_content":false,"footnotes":""},"categories":[109,47],"tags":[286],"class_list":["post-13658","post","type-post","status-publish","format-standard","has-post-thumbnail","hentry","category-minuto-a-minuto","category-zona-gris","tag-defensoria-de-los-derechos-humanos-del-pueblo-de-oaxaca"],"jetpack_featured_media_url":"https:\/\/zonaroja.com.mx\/wp-content\/uploads\/2020\/06\/Polic\u00edas-municipales.jpg","jetpack_sharing_enabled":true,"_links":{"self":[{"href":"https:\/\/zonaroja.com.mx\/index.php?rest_route=\/wp\/v2\/posts\/13658","targetHints":{"allow":["GET"]}}],"collection":[{"href":"https:\/\/zonaroja.com.mx\/index.php?rest_route=\/wp\/v2\/posts"}],"about":[{"href":"https:\/\/zonaroja.com.mx\/index.php?rest_route=\/wp\/v2\/types\/post"}],"author":[{"embeddable":true,"href":"https:\/\/zonaroja.com.mx\/index.php?rest_route=\/wp\/v2\/users\/2"}],"replies":[{"embeddable":true,"href":"https:\/\/zonaroja.com.mx\/index.php?rest_route=%2Fwp%2Fv2%2Fcomments&post=13658"}],"version-history":[{"count":1,"href":"https:\/\/zonaroja.com.mx\/index.php?rest_route=\/wp\/v2\/posts\/13658\/revisions"}],"predecessor-version":[{"id":13660,"href":"https:\/\/zonaroja.com.mx\/index.php?rest_route=\/wp\/v2\/posts\/13658\/revisions\/13660"}],"wp:featuredmedia":[{"embeddable":true,"href":"https:\/\/zonaroja.com.mx\/index.php?rest_route=\/wp\/v2\/media\/13659"}],"wp:attachment":[{"href":"https:\/\/zonaroja.com.mx\/index.php?rest_route=%2Fwp%2Fv2%2Fmedia&parent=13658"}],"wp:term":[{"taxonomy":"category","embeddable":true,"href":"https:\/\/zonaroja.com.mx\/index.php?rest_route=%2Fwp%2Fv2%2Fcategories&post=13658"},{"taxonomy":"post_tag","embeddable":true,"href":"https:\/\/zonaroja.com.mx\/index.php?rest_route=%2Fwp%2Fv2%2Ftags&post=13658"}],"curies":[{"name":"wp","href":"https:\/\/api.w.org\/{rel}","templated":true}]}}