{"id":13661,"date":"2020-06-13T09:13:34","date_gmt":"2020-06-13T14:13:34","guid":{"rendered":"https:\/\/www.zonaroja.com.mx\/?p=13661"},"modified":"2020-06-13T09:13:37","modified_gmt":"2020-06-13T14:13:37","slug":"imputan-homicidio-y-llevan-a-prision-a-policia-de-acatlan-acusado-de-asesinar-a-alexander","status":"publish","type":"post","link":"https:\/\/zonaroja.com.mx\/?p=13661","title":{"rendered":"Imputan homicidio y llevan a prisi\u00f3n a polic\u00eda de Acatl\u00e1n, acusado de asesinar a Alexander"},"content":{"rendered":"\n<p>Redacci\u00f3n\/Zona Roja. <\/p>\n\n\n\n<p>Oaxaca de Ju\u00e1rez, Oax., 13 de junio de 2020.- Un juez de la causa con sede en Tuxtepec determin\u00f3 prisi\u00f3n  preventiva a un polic\u00eda de Acatl\u00e1n de P\u00e9rez Figueroa, acusado de asesinar al adolescente Alexander. <\/p>\n\n\n\n<p>En un comunicado, la Fiscal\u00eda General del Estado de Oaxaca (FGEO) dio a conocer que llev\u00f3 a audiencia y obtuvo del Juzgado de Control, prisi\u00f3n preventiva provisional contra S. R. R. se\u00f1alado como probable responsable del homicidio de un adolescente de 16 a\u00f1os, cometido la noche del 9 de junio.<\/p>\n\n\n\n<p class=\"MsoNormal\">Indic\u00f3 que tras su detenci\u00f3n, el imputado fue llevado a audiencia ante la autoridad judicial correspondiente, donde el Ministerio P\u00fablico le comunic\u00f3 imputaci\u00f3n y solicit\u00f3 vinculaci\u00f3n a proceso.&nbsp;<\/p>\n\n\n\n<p class=\"MsoNormal\">Sin embargo, el imputado pidi\u00f3 la ampliaci\u00f3n del t\u00e9rmino constitucional, el cual vence el pr\u00f3ximo&nbsp;<a href=\"\/\/3\">17 de junio<\/a>, permaneciendo en tanto en prisi\u00f3n preventiva oficiosa.<\/p>\n\n\n\n<p class=\"MsoNormal\">\u201cDe acuerdo con la carpeta de investigaci\u00f3n 18130\/FCUEACATL\u00c1N\/2020, el 9 de junio de 2020, alrededor&nbsp;<a href=\"\/\/5\">de las 22:30<\/a>&nbsp;horas, el adolescente circulaba a bordo de una motocicleta marca Vento color roja en compa\u00f1\u00eda de otros j\u00f3venes sobre la carretera El Amate-Acatl\u00e1n de P\u00e9rez Figueroa, en el tramo carretero Vicente Camalote \u2013a la altura del crucero \u201cLa Cruz\u201d- cuando la patrulla 023 de la polic\u00eda municipal de Acatl\u00e1n de P\u00e9rez Figueroa, que ven\u00eda en sentido contrario con las luces apagadas, les cerr\u00f3 el paso abruptamente.&nbsp;<\/p>\n\n\n\n<p class=\"MsoNormal\">\u201cPosteriormente, de la cabina trasera de la patrulla descendi\u00f3 el polic\u00eda municipal S. R. R., quien portaba una escopeta y realiz\u00f3 un disparo contra el adolescente, priv\u00e1ndolo de la vida, siendo la causa de la muerte laceraci\u00f3n encef\u00e1lica producida por proyectil de arma de fuego de componentes m\u00faltiples.<\/p>\n\n\n\n<p class=\"MsoNormal\">\u201cComo resultado de este hecho, otro adolescente que viajaba junto con la v\u00edctima, result\u00f3 lesionado al derrapar de su motocicleta al tratar de proteger su integridad, siendo llevado al Hospital de San Juan Bautista Tuxtepec, donde actualmente se reporta estable y en estado de recuperaci\u00f3n\u201d, rese\u00f1\u00f3 en el bolet\u00edn oficial emitido esta ma\u00f1ana. <\/p>\n","protected":false},"excerpt":{"rendered":"<p>Redacci\u00f3n\/Zona Roja. Oaxaca de Ju\u00e1rez, Oax., 13 de junio de 2020.- Un juez de la&hellip;<\/p>\n","protected":false},"author":2,"featured_media":13645,"comment_status":"closed","ping_status":"open","sticky":false,"template":"","format":"standard","meta":{"_lmt_disableupdate":"","_lmt_disable":"","_jetpack_memberships_contains_paid_content":false,"footnotes":""},"categories":[109,47],"tags":[187],"class_list":["post-13661","post","type-post","status-publish","format-standard","has-post-thumbnail","hentry","category-minuto-a-minuto","category-zona-gris","tag-acatlan-de-perez-figueroa"],"jetpack_featured_media_url":"https:\/\/zonaroja.com.mx\/wp-content\/uploads\/2020\/06\/Sepelio-Alexander-1.jpg","jetpack_sharing_enabled":true,"_links":{"self":[{"href":"https:\/\/zonaroja.com.mx\/index.php?rest_route=\/wp\/v2\/posts\/13661","targetHints":{"allow":["GET"]}}],"collection":[{"href":"https:\/\/zonaroja.com.mx\/index.php?rest_route=\/wp\/v2\/posts"}],"about":[{"href":"https:\/\/zonaroja.com.mx\/index.php?rest_route=\/wp\/v2\/types\/post"}],"author":[{"embeddable":true,"href":"https:\/\/zonaroja.com.mx\/index.php?rest_route=\/wp\/v2\/users\/2"}],"replies":[{"embeddable":true,"href":"https:\/\/zonaroja.com.mx\/index.php?rest_route=%2Fwp%2Fv2%2Fcomments&post=13661"}],"version-history":[{"count":1,"href":"https:\/\/zonaroja.com.mx\/index.php?rest_route=\/wp\/v2\/posts\/13661\/revisions"}],"predecessor-version":[{"id":13662,"href":"https:\/\/zonaroja.com.mx\/index.php?rest_route=\/wp\/v2\/posts\/13661\/revisions\/13662"}],"wp:featuredmedia":[{"embeddable":true,"href":"https:\/\/zonaroja.com.mx\/index.php?rest_route=\/wp\/v2\/media\/13645"}],"wp:attachment":[{"href":"https:\/\/zonaroja.com.mx\/index.php?rest_route=%2Fwp%2Fv2%2Fmedia&parent=13661"}],"wp:term":[{"taxonomy":"category","embeddable":true,"href":"https:\/\/zonaroja.com.mx\/index.php?rest_route=%2Fwp%2Fv2%2Fcategories&post=13661"},{"taxonomy":"post_tag","embeddable":true,"href":"https:\/\/zonaroja.com.mx\/index.php?rest_route=%2Fwp%2Fv2%2Ftags&post=13661"}],"curies":[{"name":"wp","href":"https:\/\/api.w.org\/{rel}","templated":true}]}}