{"id":13663,"date":"2020-06-13T11:28:21","date_gmt":"2020-06-13T16:28:21","guid":{"rendered":"http:\/\/www.zonaroja.com.mx\/?p=13663"},"modified":"2020-06-13T11:28:24","modified_gmt":"2020-06-13T16:28:24","slug":"sigue-horror-en-la-cuenca-hallan-cuerpo-en-fosa-clandestina-podria-ser-de-mujer","status":"publish","type":"post","link":"https:\/\/zonaroja.com.mx\/?p=13663","title":{"rendered":"Sigue horror en la Cuenca: hallan cuerpo en fosa clandestina; podr\u00eda ser de mujer"},"content":{"rendered":"\n<p>Redacci\u00f3n\/Zona Roja.<\/p>\n\n\n\n<p>Oaxaca de Ju\u00e1rez, Oax., 12 de junio\nde 2020.- Tras un operativo conjunto entre la Fiscal\u00eda General del Estado de\nOaxaca, la Secretar\u00eda de la Defensa Nacional y la Guardia Nacional, en San Juan\nBautista Tuxtepec ayer fue localizado un cuerpo en una fosa clandestina.<\/p>\n\n\n\n<p>El hallazgo ocurri\u00f3 tras la detenci\u00f3n\nel mismo d\u00eda de Omar B. G., acusado por la Fiscal\u00eda de desaparici\u00f3n de una\npersona, Casandra Ram\u00edrez Salom\u00f3n, y cuyos restos podr\u00edan ser los localizados\neste viernes en la zona de Zacate Colorado.<\/p>\n\n\n\n<p>En un comunicado, la instancia de procuraci\u00f3n de justicia inform\u00f3 que luego de llevarse a cabo la b\u00fasqueda asentada en la carpeta de investigaci\u00f3n 15337\/FCUE \/TUXTEPEC \/2020, \u201chasta el momento se ha logrado localizar el cuerpo de una persona \u2013cuya identidad est\u00e1 por determinarse con base a resultados de pruebas de gen\u00e9tica y laboratorio del Instituto de Servicios Periciales- as\u00ed como restos \u00f3seos y una motocicleta\u201d.<\/p>\n\n\n\n<figure class=\"wp-block-image\"><img decoding=\"async\" width=\"1024\" height=\"768\" src=\"http:\/\/www.zonaroja.com.mx\/wp-content\/uploads\/2020\/06\/Fosa-Tuxtepec-1024x768.jpg\" alt=\"\" class=\"wp-image-13665\" srcset=\"https:\/\/zonaroja.com.mx\/wp-content\/uploads\/2020\/06\/Fosa-Tuxtepec-1024x768.jpg 1024w, https:\/\/zonaroja.com.mx\/wp-content\/uploads\/2020\/06\/Fosa-Tuxtepec-300x225.jpg 300w, https:\/\/zonaroja.com.mx\/wp-content\/uploads\/2020\/06\/Fosa-Tuxtepec-768x576.jpg 768w, https:\/\/zonaroja.com.mx\/wp-content\/uploads\/2020\/06\/Fosa-Tuxtepec-1170x878.jpg 1170w, https:\/\/zonaroja.com.mx\/wp-content\/uploads\/2020\/06\/Fosa-Tuxtepec-585x439.jpg 585w, https:\/\/zonaroja.com.mx\/wp-content\/uploads\/2020\/06\/Fosa-Tuxtepec.jpg 1280w\" sizes=\"(max-width: 1024px) 100vw, 1024px\" \/><\/figure>\n\n\n\n<p>EL DETENIDO<\/p>\n\n\n\n<p>Previamente, inform\u00f3 de la\naprehensi\u00f3n y vinculaci\u00f3n a proceso del masculino O. B. G. (Omar), se\u00f1alado\ncomo probable responsable del delito de desaparici\u00f3n cometida por particulares\nen agravio de una joven mujer identificada como C. R. S. (Casandra), cometido\nen San Juan Bautista Tuxtepec, regi\u00f3n de la Cuenca del Papaloapan.<\/p>\n\n\n\n<p>Indic\u00f3 que el probable responsable\nfue aprehendido por agentes Estatales de Investigaci\u00f3n, en cumplimiento a la\norden de aprehensi\u00f3n asentada en la causa penal 106\/2020, y llevado de forma\ninmediata ante el Juzgado de Control.<\/p>\n\n\n\n<p>\u201cLos hechos se suscitaron el 6 de\nmayo de 2020, aproximadamente a las 09:30 horas, cuando el imputado cit\u00f3 por un\nsupuesto trabajo a la v\u00edctima en el fraccionamiento Hacienda Real, San Juan\nTuxtepec, llev\u00e1ndosela a bordo de una motocicleta, sin que hasta el momento se\nconozca su paradero\u201d. <\/p>\n\n\n\n<p>Tras ser llevado a audiencia y luego\nde que la Fiscal\u00eda aportara los datos de prueba suficientes, el Juez de Control\ndetermin\u00f3 vincular a proceso a O. B. G., imponi\u00e9ndole la medida cautelar de\nprisi\u00f3n preventiva oficiosa y otorgando cinco meses para el cierre de\ninvestigaci\u00f3n complementaria.<\/p>\n","protected":false},"excerpt":{"rendered":"<p>Redacci\u00f3n\/Zona Roja. Oaxaca de Ju\u00e1rez, Oax., 12 de junio de 2020.- Tras un operativo conjunto&hellip;<\/p>\n","protected":false},"author":2,"featured_media":13664,"comment_status":"closed","ping_status":"open","sticky":false,"template":"","format":"standard","meta":{"_lmt_disableupdate":"","_lmt_disable":"","_jetpack_memberships_contains_paid_content":false,"footnotes":""},"categories":[109,51],"tags":[1663,118],"class_list":["post-13663","post","type-post","status-publish","format-standard","has-post-thumbnail","hentry","category-minuto-a-minuto","category-zona-roja","tag-casandra-ramirez-salomon","tag-san-juan-bautista-tuxtepec"],"jetpack_featured_media_url":"https:\/\/zonaroja.com.mx\/wp-content\/uploads\/2020\/06\/Detenido-caso-Casandra.jpg","jetpack_sharing_enabled":true,"_links":{"self":[{"href":"https:\/\/zonaroja.com.mx\/index.php?rest_route=\/wp\/v2\/posts\/13663","targetHints":{"allow":["GET"]}}],"collection":[{"href":"https:\/\/zonaroja.com.mx\/index.php?rest_route=\/wp\/v2\/posts"}],"about":[{"href":"https:\/\/zonaroja.com.mx\/index.php?rest_route=\/wp\/v2\/types\/post"}],"author":[{"embeddable":true,"href":"https:\/\/zonaroja.com.mx\/index.php?rest_route=\/wp\/v2\/users\/2"}],"replies":[{"embeddable":true,"href":"https:\/\/zonaroja.com.mx\/index.php?rest_route=%2Fwp%2Fv2%2Fcomments&post=13663"}],"version-history":[{"count":1,"href":"https:\/\/zonaroja.com.mx\/index.php?rest_route=\/wp\/v2\/posts\/13663\/revisions"}],"predecessor-version":[{"id":13666,"href":"https:\/\/zonaroja.com.mx\/index.php?rest_route=\/wp\/v2\/posts\/13663\/revisions\/13666"}],"wp:featuredmedia":[{"embeddable":true,"href":"https:\/\/zonaroja.com.mx\/index.php?rest_route=\/wp\/v2\/media\/13664"}],"wp:attachment":[{"href":"https:\/\/zonaroja.com.mx\/index.php?rest_route=%2Fwp%2Fv2%2Fmedia&parent=13663"}],"wp:term":[{"taxonomy":"category","embeddable":true,"href":"https:\/\/zonaroja.com.mx\/index.php?rest_route=%2Fwp%2Fv2%2Fcategories&post=13663"},{"taxonomy":"post_tag","embeddable":true,"href":"https:\/\/zonaroja.com.mx\/index.php?rest_route=%2Fwp%2Fv2%2Ftags&post=13663"}],"curies":[{"name":"wp","href":"https:\/\/api.w.org\/{rel}","templated":true}]}}