{"id":13667,"date":"2020-06-13T12:35:31","date_gmt":"2020-06-13T17:35:31","guid":{"rendered":"http:\/\/www.zonaroja.com.mx\/?p=13667"},"modified":"2020-06-13T12:35:33","modified_gmt":"2020-06-13T17:35:33","slug":"piden-a-la-cndh-y-a-segob-garantias-para-defensoras-de-derechos","status":"publish","type":"post","link":"https:\/\/zonaroja.com.mx\/?p=13667","title":{"rendered":"Piden a la CNDH y a Segob garant\u00edas para defensoras de derechos"},"content":{"rendered":"\n<p>Redacci\u00f3n\/Zona Roja.<\/p>\n\n\n\n<p>Oaxaca de Ju\u00e1rez, Oax. 13 de junio de\n2020.- Ante el Congreso local fue presentado un exhorto dirigido a la Comisi\u00f3n\nNacional de Derechos Humanos y a la Secretar\u00eda de Gobernaci\u00f3n, para que\ngaranticen la justicia y libertad para activistas y defensoras de derechos\nhumanos.<\/p>\n\n\n\n<p>El punto de acuerdo fue presentado\npor el diputado Horacio Sosa&nbsp;\nVillavicencio y busca que las autoridades antes se\u00f1aladas, cumplan con\nla obligaci\u00f3n que la ley les confiere, que es garantizar, en M\u00e9xico, la\nlibertad de defender los derechos humanos.<\/p>\n\n\n\n<p>La proposici\u00f3n legislativa detalla\nque la lideresa sindical, activista y abogada, Susana Prieto Terrazas,\ndefensora de los derechos humanos de trabajadores de maquiladoras, fue detenida\nel lunes 8 de junio del presente a\u00f1o en Matamoros, Tamaulipas, por delitos\ncontra servidores p\u00fablicos, mot\u00edn, amenazas y coacci\u00f3n de particulares.<\/p>\n\n\n\n<p>Dos d\u00edas antes, la noche del 6 de\njunio, la defensora de derechos humanos Kenia In\u00e9s Hern\u00e1ndez Montalv\u00e1n,\ncoordinadora del colectivo Zapata Vive y tres adolescentes fueron detenidos en\nla casa Toluca, ubicada en Valle de Bravo, en el Estado de M\u00e9xico. <\/p>\n\n\n\n<p>Kenia Hern\u00e1ndez es beneficiaria del\nmecanismo federal de protecci\u00f3n a personas defensoras de derechos humanos y\nperiodistas, a ra\u00edz de la persecuci\u00f3n pol\u00edtica que vive por su activismo.<\/p>\n\n\n\n<p>El documento se\u00f1ala que, en diversas\nocasiones, instancias internacionales de derechos humanos, han llamado la\natenci\u00f3n sobre la criminalizaci\u00f3n de personas defensoras de los derechos\nhumanos, mediante el uso indebido del derecho penal.<\/p>\n\n\n\n<p>Por eso la insistencia del diputado,\nHoracio Sosa Villavicencio, porque a pesar de que el mandato en las urnas\ndetermin\u00f3 un cambio de gobierno, persisten a\u00fan las estructuras del viejo\nr\u00e9gimen, que busca sobrevivir a trav\u00e9s de mecanismos ileg\u00edtimos.<\/p>\n\n\n\n<p>La petici\u00f3n fue recibida por la\nDiputaci\u00f3n Permanente y turnada a la comisi\u00f3n correspondiente para su an\u00e1lisis\ny dictamen.<\/p>\n","protected":false},"excerpt":{"rendered":"<p>Redacci\u00f3n\/Zona Roja. Oaxaca de Ju\u00e1rez, Oax. 13 de junio de 2020.- Ante el Congreso local&hellip;<\/p>\n","protected":false},"author":2,"featured_media":13668,"comment_status":"closed","ping_status":"open","sticky":false,"template":"","format":"standard","meta":{"_lmt_disableupdate":"","_lmt_disable":"","_jetpack_memberships_contains_paid_content":false,"footnotes":""},"categories":[109,47],"tags":[444],"class_list":["post-13667","post","type-post","status-publish","format-standard","has-post-thumbnail","hentry","category-minuto-a-minuto","category-zona-gris","tag-horacio-sosa-villavicencio"],"jetpack_featured_media_url":"https:\/\/zonaroja.com.mx\/wp-content\/uploads\/2020\/06\/Defensoras.jpg","jetpack_sharing_enabled":true,"_links":{"self":[{"href":"https:\/\/zonaroja.com.mx\/index.php?rest_route=\/wp\/v2\/posts\/13667","targetHints":{"allow":["GET"]}}],"collection":[{"href":"https:\/\/zonaroja.com.mx\/index.php?rest_route=\/wp\/v2\/posts"}],"about":[{"href":"https:\/\/zonaroja.com.mx\/index.php?rest_route=\/wp\/v2\/types\/post"}],"author":[{"embeddable":true,"href":"https:\/\/zonaroja.com.mx\/index.php?rest_route=\/wp\/v2\/users\/2"}],"replies":[{"embeddable":true,"href":"https:\/\/zonaroja.com.mx\/index.php?rest_route=%2Fwp%2Fv2%2Fcomments&post=13667"}],"version-history":[{"count":1,"href":"https:\/\/zonaroja.com.mx\/index.php?rest_route=\/wp\/v2\/posts\/13667\/revisions"}],"predecessor-version":[{"id":13669,"href":"https:\/\/zonaroja.com.mx\/index.php?rest_route=\/wp\/v2\/posts\/13667\/revisions\/13669"}],"wp:featuredmedia":[{"embeddable":true,"href":"https:\/\/zonaroja.com.mx\/index.php?rest_route=\/wp\/v2\/media\/13668"}],"wp:attachment":[{"href":"https:\/\/zonaroja.com.mx\/index.php?rest_route=%2Fwp%2Fv2%2Fmedia&parent=13667"}],"wp:term":[{"taxonomy":"category","embeddable":true,"href":"https:\/\/zonaroja.com.mx\/index.php?rest_route=%2Fwp%2Fv2%2Fcategories&post=13667"},{"taxonomy":"post_tag","embeddable":true,"href":"https:\/\/zonaroja.com.mx\/index.php?rest_route=%2Fwp%2Fv2%2Ftags&post=13667"}],"curies":[{"name":"wp","href":"https:\/\/api.w.org\/{rel}","templated":true}]}}