{"id":13670,"date":"2020-06-13T14:02:04","date_gmt":"2020-06-13T19:02:04","guid":{"rendered":"http:\/\/www.zonaroja.com.mx\/?p=13670"},"modified":"2020-06-13T14:02:06","modified_gmt":"2020-06-13T19:02:06","slug":"buscan-a-extranjero-desaparecido-en-costas-de-puerto-escondido","status":"publish","type":"post","link":"https:\/\/zonaroja.com.mx\/?p=13670","title":{"rendered":"Buscan a extranjero desaparecido en costas de Puerto Escondido"},"content":{"rendered":"\n<p>Redacci\u00f3n\/Zona Roja.<\/p>\n\n\n\n<p>Oaxaca de Ju\u00e1rez, Oax., 13 de junio\nde 2020.- Un joven de 26 a\u00f1os de edad, identificado como Antony Nikodym,\noriginario de Massachusetts, Estados Unidos, ingres\u00f3 la madrugada de hoy al mar\nfrente a las costas de Puerto Escondido y no ha aparecido.<\/p>\n\n\n\n<p>La Coordinaci\u00f3n Estatal de Protecci\u00f3n\nCivil de Oaxaca (CEPCO) inform\u00f3 que ha iniciado con los protocolos de b\u00fasqueda\nde la persona desaparecida en la playa Zicatela.<\/p>\n\n\n\n<p>En un comunicado, detall\u00f3 que se\ntrabaja en coordinaci\u00f3n con la Secretar\u00eda de Marina, luego de haber recibido el\nreporte de la desaparici\u00f3n del joven ingres\u00f3 al mar alrededor de las 03:00\nhoras de este s\u00e1bado en la playa Zicatela, a la altura del restaurante\n\u201cEsmeralda\u201d en compa\u00f1\u00eda de una persona, misma que sali\u00f3 minutos m\u00e1s tarde.<\/p>\n\n\n\n<p>Sin embargo, sus compa\u00f1eros de viaje,\nJack Niewold, de 22 a\u00f1os, y Goodwin Amundson, de 26 a\u00f1os, reportaron que Antony\nno volvi\u00f3 a la orilla, por lo que las primeras horas de la ma\u00f1ana solicitaron\nel apoyo a las autoridades, para su localizaci\u00f3n.<\/p>\n\n\n\n<p>Por ello, se han iniciado los\ntrabajos de b\u00fasqueda v\u00eda mar\u00edtima y sobre la costa en esta zona de Oaxaca en\ncoordinaci\u00f3n con la Capitan\u00eda de puerto en Puerto Escondido, las coordinaciones\nmunicipales de Protecci\u00f3n Civil de Santa Mar\u00eda Colotepec y San Pedro Mixtepec,\nsalvavidas del Gobierno del Estado, as\u00ed como elementos de la Secretar\u00eda de\nSeguridad P\u00fablica.<\/p>\n","protected":false},"excerpt":{"rendered":"<p>Redacci\u00f3n\/Zona Roja. Oaxaca de Ju\u00e1rez, Oax., 13 de junio de 2020.- Un joven de 26&hellip;<\/p>\n","protected":false},"author":2,"featured_media":13671,"comment_status":"closed","ping_status":"open","sticky":false,"template":"","format":"standard","meta":{"_lmt_disableupdate":"","_lmt_disable":"","_jetpack_memberships_contains_paid_content":false,"footnotes":""},"categories":[109,47],"tags":[1754],"class_list":["post-13670","post","type-post","status-publish","format-standard","has-post-thumbnail","hentry","category-minuto-a-minuto","category-zona-gris","tag-zicatela-puerto-escondido"],"jetpack_featured_media_url":"https:\/\/zonaroja.com.mx\/wp-content\/uploads\/2020\/06\/Salvavidas-Puerto.jpg","jetpack_sharing_enabled":true,"_links":{"self":[{"href":"https:\/\/zonaroja.com.mx\/index.php?rest_route=\/wp\/v2\/posts\/13670","targetHints":{"allow":["GET"]}}],"collection":[{"href":"https:\/\/zonaroja.com.mx\/index.php?rest_route=\/wp\/v2\/posts"}],"about":[{"href":"https:\/\/zonaroja.com.mx\/index.php?rest_route=\/wp\/v2\/types\/post"}],"author":[{"embeddable":true,"href":"https:\/\/zonaroja.com.mx\/index.php?rest_route=\/wp\/v2\/users\/2"}],"replies":[{"embeddable":true,"href":"https:\/\/zonaroja.com.mx\/index.php?rest_route=%2Fwp%2Fv2%2Fcomments&post=13670"}],"version-history":[{"count":1,"href":"https:\/\/zonaroja.com.mx\/index.php?rest_route=\/wp\/v2\/posts\/13670\/revisions"}],"predecessor-version":[{"id":13672,"href":"https:\/\/zonaroja.com.mx\/index.php?rest_route=\/wp\/v2\/posts\/13670\/revisions\/13672"}],"wp:featuredmedia":[{"embeddable":true,"href":"https:\/\/zonaroja.com.mx\/index.php?rest_route=\/wp\/v2\/media\/13671"}],"wp:attachment":[{"href":"https:\/\/zonaroja.com.mx\/index.php?rest_route=%2Fwp%2Fv2%2Fmedia&parent=13670"}],"wp:term":[{"taxonomy":"category","embeddable":true,"href":"https:\/\/zonaroja.com.mx\/index.php?rest_route=%2Fwp%2Fv2%2Fcategories&post=13670"},{"taxonomy":"post_tag","embeddable":true,"href":"https:\/\/zonaroja.com.mx\/index.php?rest_route=%2Fwp%2Fv2%2Ftags&post=13670"}],"curies":[{"name":"wp","href":"https:\/\/api.w.org\/{rel}","templated":true}]}}