{"id":13682,"date":"2020-06-13T16:20:57","date_gmt":"2020-06-13T21:20:57","guid":{"rendered":"http:\/\/www.zonaroja.com.mx\/?p=13682"},"modified":"2020-06-13T16:21:00","modified_gmt":"2020-06-13T21:21:00","slug":"no-me-salen-las-palabras-el-sentido-adios-de-nicole-a-su-novio-alexander","status":"publish","type":"post","link":"https:\/\/zonaroja.com.mx\/?p=13682","title":{"rendered":"\u201cNo me salen las palabras\u201d. El sentido adi\u00f3s de Nicole a su novio Alexander"},"content":{"rendered":"\n<p>Yuridiana Sosa\/Zona Roja.<\/p>\n\n\n\n<p>Oaxaca de Ju\u00e1rez, Oax., 13 de junio\nde 2020.- En medio del dolor, Nicole dio un sentido adi\u00f3s a su amado joven\nfutbolista. Tantos sue\u00f1os, tantas ilusiones, tanto amor cortado de tajo.<\/p>\n\n\n\n<p>\u201cAlexander, cari\u00f1o, no tengo las\nfuerzas ni los \u00e1nimos suficientes para poder despedirme de ti\u201d, dice la\ndedicatoria en Facebook para el adolescente asesinado en Vicente Camalote, Acatl\u00e1n.<\/p>\n\n\n\n<p>El homicidio de Alexander M. G., de\n16 a\u00f1os, en manos de la Polic\u00eda Municipal, marc\u00f3 la injusticia y el abuso de\nautoridad en su comunidad, pero, adem\u00e1s, dej\u00f3 un vac\u00edo irremplazable en su\nfamilia, en sus equipos de futbol y en la vida de su novia.<\/p>\n\n\n\n<p>La p\u00e9rdida de \u201cChander\u201d, como tambi\u00e9n\nle dec\u00edan, se sufre en los espacios donde convivi\u00f3, en cada uno se despiden a\nsu manera. Su novia, Nicole Gir\u00f3n, lo record\u00f3 a trav\u00e9s de un video y carta que\nhizo p\u00fablico.<\/p>\n\n\n\n<p>\u201cAmor, no me salen las palabras para\nexplicar toda esta injusticia que te pas\u00f3. T\u00fa, tan s\u00f3lo un ni\u00f1o sano, un gran\nhijo, novio, hermano, persona, un gran futbolista, con sue\u00f1os padr\u00edsimos, te\narrebataron la vida, mi cielo\u201d, escribi\u00f3 Nicole horas despu\u00e9s del fallecimiento\ndel joven.<\/p>\n\n\n\n<p>Los sentimientos no dejan de fluir, los recuerdos azotan su mente a cada minuto. \u201cSabes, no pido nada m\u00e1s, que estar entre tus brazos y huir de todo el mal, que a todo he renunciado, por estar junto a ti\u201d, versa la canci\u00f3n que acompa\u00f1a el video de fotos en pareja.<\/p>\n\n\n\n<figure class=\"wp-block-image\"><img decoding=\"async\" width=\"373\" height=\"640\" src=\"http:\/\/www.zonaroja.com.mx\/wp-content\/uploads\/2020\/06\/Nicole-y-Alexander-1.jpg\" alt=\"\" class=\"wp-image-13684\" srcset=\"https:\/\/zonaroja.com.mx\/wp-content\/uploads\/2020\/06\/Nicole-y-Alexander-1.jpg 373w, https:\/\/zonaroja.com.mx\/wp-content\/uploads\/2020\/06\/Nicole-y-Alexander-1-175x300.jpg 175w\" sizes=\"(max-width: 373px) 100vw, 373px\" \/><\/figure>\n\n\n\n<p>Sonrisas, abrazos, gestos graciosos,\nexperiencias compartidas con el futbol, son las principales im\u00e1genes del video\ncorto que postea debajo del texto de despedida.<\/p>\n\n\n\n<p>Las manifestaciones de amor son\ninsuficientes para la joven novia, quien expresa los \u201cmuch\u00edsimos planes\u201d que\nten\u00edan juntos, con Alexander, a quien conoc\u00eda de toda la vida, dice, y su\nprimer novio.<\/p>\n\n\n\n<p>\u201cSabes no dejo de pensar, que estoy\nenamorado, te quiero confesar, que soy solo un esclavo, que no sabe vivir sin\nti\u201d, se escucha la melod\u00eda, mientras en las im\u00e1genes todo es felicidad, aunque\npara Nicole su mundo es a la inversa: <\/p>\n\n\n\n<p>\u201cS\u00f3lo queda decir que siempre ser\u00e1s\nel ni\u00f1o que m\u00e1s voy a querer, el mejor de todos, el mejor en todo, mi mejor\nfutbolista, mi chiquito, te amo por siempre mi beb\u00e9 \u2018Chander\u2019, te amo amor\u201d,\nescribi\u00f3.<\/p>\n\n\n\n<p>Nicole se desahoga y despu\u00e9s expresa \u201cagradecimiento a Dios el haberme permitido ser parte de tu vida, quiero quedarme con los lindos recuerdos que pas\u00e9 a tu lado, me hiciste sentir la persona m\u00e1s afortunada y feliz mientras estuvimos juntos\u201d.<\/p>\n\n\n\n<figure class=\"wp-block-embed-twitter wp-block-embed is-type-rich is-provider-twitter\"><div class=\"wp-block-embed__wrapper\">\n<div class=\"twitter-tweet\"><blockquote class=\"twitter-tweet\" data-lang=\"es\"><p lang=\"es\" dir=\"ltr\"><a href=\"https:\/\/twitter.com\/hashtag\/JusticiaParaAlexander?src=hash&amp;ref_src=twsrc%5Etfw\">#JusticiaParaAlexander<\/a><br>\u201cAmor, no me salen las palabras para explicar toda esta injusticia que te pas\u00f3; t\u00fa, tan solo un ni\u00f1o sano, un gran hijo, novio, hermano, persona, un gran futbolista\u201d: en video la emotiva despedida de Nicole, la novia de Alexander. <a href=\"https:\/\/t.co\/vZJ96ZNHjh\">pic.twitter.com\/vZJ96ZNHjh<\/a><\/p>&mdash; Zona Roja Oaxaca (@MexRoja) <a href=\"https:\/\/twitter.com\/MexRoja\/status\/1271851723569500160?ref_src=twsrc%5Etfw\">13 de junio de 2020<\/a><\/blockquote><\/div>\n<\/div><\/figure>\n\n\n\n<p>Es el amor sincero de una joven\nrelaci\u00f3n, de un primer amor, de un primer novio, de quien no quer\u00eda separarse,\npero que ahora, en otra manera no deseada lo estar\u00e1, pues dice, se ha\nconvertido en su nuevo \u00e1ngel de la guarda.<\/p>\n\n\n\n<p>\u201cCuando llegaste t\u00fa te metiste en mi\nser, encendiste la luz, me llenaste de fe, tanto tiempo busqu\u00e9, pero al fin te\nencontr\u00e9, tan perfecta como te imagin\u00e9\u201d, avanza entre la m\u00fasica el video con\nfotos llenas de dulzura y momentos felices con amigos y en pareja. <\/p>\n\n\n\n<p>Nicole no est\u00e1 sola. Tiene ahora a un \u00e1ngel, a su \u00e1ngel \u201cChander\u201d que velar\u00e1 por ella desde el cielo.<\/p>\n\n\n\n<figure class=\"wp-block-image\"><img decoding=\"async\" width=\"1024\" height=\"768\" src=\"http:\/\/www.zonaroja.com.mx\/wp-content\/uploads\/2020\/06\/Nicole-y-Alexander-3-1024x768.jpg\" alt=\"\" class=\"wp-image-13685\" srcset=\"https:\/\/zonaroja.com.mx\/wp-content\/uploads\/2020\/06\/Nicole-y-Alexander-3-1024x768.jpg 1024w, https:\/\/zonaroja.com.mx\/wp-content\/uploads\/2020\/06\/Nicole-y-Alexander-3-300x225.jpg 300w, https:\/\/zonaroja.com.mx\/wp-content\/uploads\/2020\/06\/Nicole-y-Alexander-3-768x576.jpg 768w, https:\/\/zonaroja.com.mx\/wp-content\/uploads\/2020\/06\/Nicole-y-Alexander-3-585x439.jpg 585w, https:\/\/zonaroja.com.mx\/wp-content\/uploads\/2020\/06\/Nicole-y-Alexander-3.jpg 1031w\" sizes=\"(max-width: 1024px) 100vw, 1024px\" \/><\/figure>\n","protected":false},"excerpt":{"rendered":"<p>Yuridiana Sosa\/Zona Roja. Oaxaca de Ju\u00e1rez, Oax., 13 de junio de 2020.- En medio del&hellip;<\/p>\n","protected":false},"author":2,"featured_media":13683,"comment_status":"closed","ping_status":"open","sticky":false,"template":"","format":"standard","meta":{"_lmt_disableupdate":"","_lmt_disable":"","_jetpack_memberships_contains_paid_content":false,"footnotes":""},"categories":[109,46],"tags":[187,1749],"class_list":["post-13682","post","type-post","status-publish","format-standard","has-post-thumbnail","hentry","category-minuto-a-minuto","category-zona-blanca","tag-acatlan-de-perez-figueroa","tag-alexander-g-m"],"jetpack_featured_media_url":"https:\/\/zonaroja.com.mx\/wp-content\/uploads\/2020\/06\/Nicole-y-Alexander-2.jpg","jetpack_sharing_enabled":true,"_links":{"self":[{"href":"https:\/\/zonaroja.com.mx\/index.php?rest_route=\/wp\/v2\/posts\/13682","targetHints":{"allow":["GET"]}}],"collection":[{"href":"https:\/\/zonaroja.com.mx\/index.php?rest_route=\/wp\/v2\/posts"}],"about":[{"href":"https:\/\/zonaroja.com.mx\/index.php?rest_route=\/wp\/v2\/types\/post"}],"author":[{"embeddable":true,"href":"https:\/\/zonaroja.com.mx\/index.php?rest_route=\/wp\/v2\/users\/2"}],"replies":[{"embeddable":true,"href":"https:\/\/zonaroja.com.mx\/index.php?rest_route=%2Fwp%2Fv2%2Fcomments&post=13682"}],"version-history":[{"count":1,"href":"https:\/\/zonaroja.com.mx\/index.php?rest_route=\/wp\/v2\/posts\/13682\/revisions"}],"predecessor-version":[{"id":13686,"href":"https:\/\/zonaroja.com.mx\/index.php?rest_route=\/wp\/v2\/posts\/13682\/revisions\/13686"}],"wp:featuredmedia":[{"embeddable":true,"href":"https:\/\/zonaroja.com.mx\/index.php?rest_route=\/wp\/v2\/media\/13683"}],"wp:attachment":[{"href":"https:\/\/zonaroja.com.mx\/index.php?rest_route=%2Fwp%2Fv2%2Fmedia&parent=13682"}],"wp:term":[{"taxonomy":"category","embeddable":true,"href":"https:\/\/zonaroja.com.mx\/index.php?rest_route=%2Fwp%2Fv2%2Fcategories&post=13682"},{"taxonomy":"post_tag","embeddable":true,"href":"https:\/\/zonaroja.com.mx\/index.php?rest_route=%2Fwp%2Fv2%2Ftags&post=13682"}],"curies":[{"name":"wp","href":"https:\/\/api.w.org\/{rel}","templated":true}]}}