{"id":13690,"date":"2020-06-13T20:37:36","date_gmt":"2020-06-14T01:37:36","guid":{"rendered":"http:\/\/www.zonaroja.com.mx\/?p=13690"},"modified":"2020-06-13T20:37:39","modified_gmt":"2020-06-14T01:37:39","slug":"daran-seguro-de-vida-gratuito-a-personal-de-salud-que-lucha-con-covid","status":"publish","type":"post","link":"https:\/\/zonaroja.com.mx\/?p=13690","title":{"rendered":"Dar\u00e1n seguro de vida gratuito a personal de salud que lucha con Covid"},"content":{"rendered":"\n<p>Redacci\u00f3n\/Zona Roja.<\/p>\n\n\n\n<p>Oaxaca de Ju\u00e1rez, Oax., 13 de junio\nde 2020.- Los Servicios de Salud de Oaxaca, la Asociaci\u00f3n Mexicana de\nInstituciones de Seguros (AMIS) y la Asociaci\u00f3n Mexicana de Agentes de Seguros\ny Fianzas, A.C. (AMASFAC), anunciaron un seguro de vida gratuito para los\nprofesionales de salud que atienden la emergencia sanitaria de Covid-19.<\/p>\n\n\n\n<p>Durante una reuni\u00f3n virtual con el\npresidente nacional de la AMASFAC, Alejandro Sobera Biotegui, con la presidenta\nde Comunicaci\u00f3n y Difusi\u00f3n del Comit\u00e9 Directivo Nacional de esta misma\nasociaci\u00f3n, M\u00f3nica Estrada, as\u00ed como el presidente secci\u00f3n Oaxaca de la\nAMASFAC, Remigio Fern\u00e1ndez Mondrag\u00f3n, se dio a conocer que este servicio consta\nde una indemnizaci\u00f3n de 50 mil pesos en caso de fallecer a causa del nuevo\ncoronavirus.<\/p>\n\n\n\n<p>En acuerdo con el titular de los SSO,\nDonato Casas Escamilla, los representantes de la AMASFAC explicaron que la\ncobertura solidaria, ser\u00e1 otorgada por 87 aseguradoras asociadas a la AMIS, con\nel prop\u00f3sito de brindar capacidad financiera y proteger a los trabajadores como\nm\u00e9dicos, enfermeros, laboratoristas, camilleros, de lavander\u00eda, y quienes\ndiariamente se enfrentan al virus para salvar a las y los pacientes.<\/p>\n\n\n\n<p>Detallaron que los beneficiarios\nser\u00e1n, en primera instancia, el c\u00f3nyuge; si no lo hay, los hijos; en caso de no\ntenerlos, los padres. Y la vigencia tendr\u00e1 retroactividad y aplicar\u00e1 hasta el\n31 de agosto de este a\u00f1o, se inform\u00f3 en un comunicado de prensa.<\/p>\n\n\n\n<p>Se\u00f1alaron que los documentos que\nnecesitan presentar los beneficiarios (c\u00f3nyuge e hijos) que accedan al seguro\nson: constancia de entidad p\u00fablica, resultado positivo de la prueba de\nCOVID-19, acta de defunci\u00f3n e identificaci\u00f3n del Instituto Nacional\nElectoral&nbsp; (INE).<\/p>\n\n\n\n<p>Durante su intervenci\u00f3n, el titular de\nSalud hizo \u00e9nfasis en que la base trabajadora del sector, ha enfrentado\ndif\u00edciles momentos en todo el trayecto de la pandemia, pero su valent\u00eda,\ncompromiso y responsabilidad con el bienestar de las y los oaxaque\u00f1os, han\npermitido que todos los d\u00edas sigan combatiendo al virus desde diferentes \u00e1reas\nde trabajo, con el fin de salvar m\u00e1s vidas.<\/p>\n\n\n\n<p>Mencion\u00f3 que \u201cnada compensa la\np\u00e9rdida de una vida humana, pero me parece un gesto de agradecimiento para este\nsector que merece todo el apoyo posible por el esfuerzo y dedicaci\u00f3n que han\nmostrado, no s\u00f3lo en esta emergencia sanitaria, sino a lo largo de muchas\nbatallas contra diversas enfermedades que han causado estragos en la salud de\nla poblaci\u00f3n\u201d.<\/p>\n\n\n\n<p>Finalmente, convoc\u00f3 a la base\ntrabajadora que se encuentra en la red hospitalaria y que est\u00e9 interesada en el\nservicio de seguro m\u00e9dico gratuito, comunicarse al tel\u00e9fono 55 52 27 90 31 o\nenviar un correo electr\u00f3nico a: coberturacovid@amis.com.mx para hacer la\nsolicitud, tambi\u00e9n pueden visitar el sitio web www.amis.com.mx, para mayores\ninformes.<\/p>\n\n\n\n<p>OTORGAN AMBULANCIAS<\/p>\n\n\n\n<p>Por otra parte, por conducto de los\nServicios de Salud de Oaxaca (SSO), la Secretar\u00eda de Seguridad P\u00fablica de\nOaxaca (SSPO) recibi\u00f3 dos ambulancias con las que ampliar\u00e1 y mejorar\u00e1 la\natenci\u00f3n de emergencias, de acuerdo a la instrucci\u00f3n del gobernador Alejandro\nMurat Hinojosa.<\/p>\n\n\n\n<p>Dichas unidades fueron destinadas al\nHeroico Cuerpo de Bomberos de Oaxaca (HCBO) y a la Subsecretar\u00eda de Prevenci\u00f3n\ny Reinserci\u00f3n Social (SPyRS).<\/p>\n","protected":false},"excerpt":{"rendered":"<p>Redacci\u00f3n\/Zona Roja. Oaxaca de Ju\u00e1rez, Oax., 13 de junio de 2020.- Los Servicios de Salud&hellip;<\/p>\n","protected":false},"author":2,"featured_media":13691,"comment_status":"closed","ping_status":"open","sticky":false,"template":"","format":"standard","meta":{"_lmt_disableupdate":"","_lmt_disable":"","_jetpack_memberships_contains_paid_content":false,"footnotes":""},"categories":[109,46],"tags":[1005],"class_list":["post-13690","post","type-post","status-publish","format-standard","has-post-thumbnail","hentry","category-minuto-a-minuto","category-zona-blanca","tag-servicios-de-salud-de-oaxaca-sso"],"jetpack_featured_media_url":"https:\/\/zonaroja.com.mx\/wp-content\/uploads\/2020\/06\/SSO-2.jpg","jetpack_sharing_enabled":true,"_links":{"self":[{"href":"https:\/\/zonaroja.com.mx\/index.php?rest_route=\/wp\/v2\/posts\/13690","targetHints":{"allow":["GET"]}}],"collection":[{"href":"https:\/\/zonaroja.com.mx\/index.php?rest_route=\/wp\/v2\/posts"}],"about":[{"href":"https:\/\/zonaroja.com.mx\/index.php?rest_route=\/wp\/v2\/types\/post"}],"author":[{"embeddable":true,"href":"https:\/\/zonaroja.com.mx\/index.php?rest_route=\/wp\/v2\/users\/2"}],"replies":[{"embeddable":true,"href":"https:\/\/zonaroja.com.mx\/index.php?rest_route=%2Fwp%2Fv2%2Fcomments&post=13690"}],"version-history":[{"count":1,"href":"https:\/\/zonaroja.com.mx\/index.php?rest_route=\/wp\/v2\/posts\/13690\/revisions"}],"predecessor-version":[{"id":13692,"href":"https:\/\/zonaroja.com.mx\/index.php?rest_route=\/wp\/v2\/posts\/13690\/revisions\/13692"}],"wp:featuredmedia":[{"embeddable":true,"href":"https:\/\/zonaroja.com.mx\/index.php?rest_route=\/wp\/v2\/media\/13691"}],"wp:attachment":[{"href":"https:\/\/zonaroja.com.mx\/index.php?rest_route=%2Fwp%2Fv2%2Fmedia&parent=13690"}],"wp:term":[{"taxonomy":"category","embeddable":true,"href":"https:\/\/zonaroja.com.mx\/index.php?rest_route=%2Fwp%2Fv2%2Fcategories&post=13690"},{"taxonomy":"post_tag","embeddable":true,"href":"https:\/\/zonaroja.com.mx\/index.php?rest_route=%2Fwp%2Fv2%2Ftags&post=13690"}],"curies":[{"name":"wp","href":"https:\/\/api.w.org\/{rel}","templated":true}]}}