{"id":13707,"date":"2020-06-14T08:45:05","date_gmt":"2020-06-14T13:45:05","guid":{"rendered":"http:\/\/www.zonaroja.com.mx\/?p=13707"},"modified":"2020-06-14T09:46:00","modified_gmt":"2020-06-14T14:46:00","slug":"madrugan-en-conmemoracion-de-fallido-desalojo-de-2006-14-anos-de-impunidad","status":"publish","type":"post","link":"https:\/\/zonaroja.com.mx\/?p=13707","title":{"rendered":"Madrugan en conmemoraci\u00f3n de fallido desalojo de 2006; \u201c14 a\u00f1os de impunidad\u201d"},"content":{"rendered":"\n<p>Redacci\u00f3n\/Zona Roja.<\/p>\n\n\n\n<p>Oaxaca de Ju\u00e1rez, Oax., 14 de junio\nde 2020.- Una representaci\u00f3n de organizaciones sociales y de la Secci\u00f3n 22 del\nSindicato Nacional de Trabajadores de la Educaci\u00f3n, iniciaron la madrugada de\nhoy actos para conmemorar el fallido desalojo del magisterio del z\u00f3calo de la\ncapital.<\/p>\n\n\n\n<p>En la calle de Armenta y L\u00f3pez del centro de la ciudad de Oaxaca, as\u00ed como en diversos puntos, lanzaron cohetes, al tiempo de corear exigencias de justicia.<\/p>\n\n\n\n<p>La madrugada del 14 de junio de 2006, polic\u00edas estatales, al mando de Jos\u00e9 Manuel Vera Salinas \u2014actual funcionario del Gobierno del Estado\u2014 y por \u00f3rdenes de Ulises Ruiz Ortiz, implementaron un desalojo de maestros que ten\u00edan un \u201cplant\u00f3n\u201d de alrededor de un mes en el z\u00f3calo.<\/p>\n\n\n\n<p>Ello desat\u00f3 al menos medio a\u00f1o de confrontaciones a lo largo de ese a\u00f1o, as\u00ed como parte del 2007, que incluy\u00f3 represiones, asesinatos, desapariciones, torturas y la llegada de la Polic\u00eda Federal, enviada por Vicente Fox Quesada.<\/p>\n\n\n\n<figure class=\"wp-block-embed-twitter wp-block-embed is-type-rich is-provider-twitter\"><div class=\"wp-block-embed__wrapper\">\n<div class=\"twitter-tweet\"><blockquote class=\"twitter-tweet\" data-lang=\"es\"><p lang=\"es\" dir=\"ltr\"><a href=\"https:\/\/twitter.com\/hashtag\/%C3%9AltimoMinuto?src=hash&amp;ref_src=twsrc%5Etfw\">#\u00daltimoMinuto<\/a> <br>Para conmemorar el fallido desalojo del 14 de junio de 2006, organizaciones sociales de lo que fue la APPO se concentraron esta ma\u00f1ana en el centro de la capital de Oaxaca, para gritar consignas en contra de Ulises Ruiz Ortiz y Jos\u00e9 Manuel Vera Salinas. <a href=\"https:\/\/t.co\/9wYuEM8KQx\">pic.twitter.com\/9wYuEM8KQx<\/a><\/p>&mdash; Zona Roja Oaxaca (@MexRoja) <a href=\"https:\/\/twitter.com\/MexRoja\/status\/1272143545072259073?ref_src=twsrc%5Etfw\">14 de junio de 2020<\/a><\/blockquote><\/div>\n<\/div><\/figure>\n\n\n\n<p>En un mitin la ma\u00f1ana de hoy, el\nvocero de la Secci\u00f3n 22, Wilberto Santiago Valdivieso, reiter\u00f3 el rechazo del\nmagisterio a las acciones de violencias emprendidas por el gobierno que\nencabez\u00f3 el priista Ruiz Ortiz.<\/p>\n\n\n\n<p>En esa fecha, \u201clos polic\u00edas llegaron\nde todas las regiones de Oaxaca para tratar de disolver esta lucha que d\u00eda a\nd\u00eda generaba mayor respaldo, para el beneficio de la educaci\u00f3n p\u00fablica, y para\nla certeza laboral de los trabajadores de la educaci\u00f3n.<\/p>\n\n\n\n<p>\u201cEse cad\u00e1ver pol\u00edtico de Ulises Ruiz\nanda merodeando intereses pol\u00edticos, partidistas, y es claro que hay un repudio\ntotal en esa forma, rechazamos a esos personajes muy repudiados en Oaxaca, en especial\npor los maestros de la Secci\u00f3n 22\u201d, dijo durante un mitin en el exterior de las\noficinas del gremio.<\/p>\n\n\n\n<p>\u201cHemos visto a Jorge Franco Vargas\nestar interesados en las nuevas filas partidistas para generar sus propios\nintereses, evitar ese castigo que la Secci\u00f3n 22 ha reclamado a cada uno de los\ngobiernos\u201d, reclam\u00f3.<\/p>\n\n\n\n<p>En un comunicado, el magisterio\nrecalc\u00f3:<\/p>\n\n\n\n<p>\u201cAl cumplirse un a\u00f1o m\u00e1s, alzamos la\nvoz para exigir \u00a1Alto a la impunidad oficial!, \u00a1basta de injusticias! porque\nlos asesinos del 2006 viven en completa&nbsp;\nlibertad a pesar del historial de corrupci\u00f3n y sangre que los persigue,\nmientras el pueblo sigue a espera de&nbsp; la\ntan anhelada justicia en medio del confinamiento en el que nos mantiene la\npandemia que adem\u00e1s nos muestra el inmenso desv\u00edos de recursos que oper\u00f3 el\nasesino en salud p\u00fablica en el Estado y que hoy mantiene a este sistema en el\nrezago y carencias.<\/p>\n\n\n\n<p>\u201cEn rechazo a los agravios cometidos\nen contra del magisterio y el pueblo desde el 14 de junio, d\u00eda del desalojo\nfallido y de la unidad popular, este d\u00eda&nbsp;\nmanifestamos nuestro repudio a URO, \u00abEl carnicero de\nAntequera\u00bb, a Franco Vargas \u00abEl Chuky\u00bb, Vera Salinas, Lizbeth\nCa\u00f1a Cadeza, Heliodoro D\u00edaz, Eviel P\u00e9rez Maga\u00f1a, Vicente Fox Quesada, Felipe\nCalder\u00f3n, Abascal Carranza, Genaro Garc\u00eda Luna; tambi\u00e9n en contra de los grupos\nde choque comandados por \u00abEl Drag\u00f3n\u00bb, \u00abel Perro\u00bb \u00abEl Chema\no G\u00fcero\u00bb, \u00abEl Guacho\u00bb, la CROC, entre otros m\u00e1s.<\/p>\n\n\n\n<p>\u201cEste 14 de junio de 2020 \u00a1no\nperdonamos, no olvidamos! \u00a1castigo a los autores materiales e intelectuales del\ndesalojo fallido! \u00a1C\u00e1rcel a los represores y asesinos del 2006!\u201d.<\/p>\n","protected":false},"excerpt":{"rendered":"<p>Redacci\u00f3n\/Zona Roja. Oaxaca de Ju\u00e1rez, Oax., 14 de junio de 2020.- Una representaci\u00f3n de organizaciones&hellip;<\/p>\n","protected":false},"author":2,"featured_media":13708,"comment_status":"closed","ping_status":"open","sticky":false,"template":"","format":"standard","meta":{"_lmt_disableupdate":"","_lmt_disable":"","_jetpack_memberships_contains_paid_content":false,"footnotes":""},"categories":[109,47],"tags":[312],"class_list":["post-13707","post","type-post","status-publish","format-standard","has-post-thumbnail","hentry","category-minuto-a-minuto","category-zona-gris","tag-seccion-22-del-snte"],"jetpack_featured_media_url":"https:\/\/zonaroja.com.mx\/wp-content\/uploads\/2020\/06\/14-de-junio.jpg","jetpack_sharing_enabled":true,"_links":{"self":[{"href":"https:\/\/zonaroja.com.mx\/index.php?rest_route=\/wp\/v2\/posts\/13707","targetHints":{"allow":["GET"]}}],"collection":[{"href":"https:\/\/zonaroja.com.mx\/index.php?rest_route=\/wp\/v2\/posts"}],"about":[{"href":"https:\/\/zonaroja.com.mx\/index.php?rest_route=\/wp\/v2\/types\/post"}],"author":[{"embeddable":true,"href":"https:\/\/zonaroja.com.mx\/index.php?rest_route=\/wp\/v2\/users\/2"}],"replies":[{"embeddable":true,"href":"https:\/\/zonaroja.com.mx\/index.php?rest_route=%2Fwp%2Fv2%2Fcomments&post=13707"}],"version-history":[{"count":2,"href":"https:\/\/zonaroja.com.mx\/index.php?rest_route=\/wp\/v2\/posts\/13707\/revisions"}],"predecessor-version":[{"id":13710,"href":"https:\/\/zonaroja.com.mx\/index.php?rest_route=\/wp\/v2\/posts\/13707\/revisions\/13710"}],"wp:featuredmedia":[{"embeddable":true,"href":"https:\/\/zonaroja.com.mx\/index.php?rest_route=\/wp\/v2\/media\/13708"}],"wp:attachment":[{"href":"https:\/\/zonaroja.com.mx\/index.php?rest_route=%2Fwp%2Fv2%2Fmedia&parent=13707"}],"wp:term":[{"taxonomy":"category","embeddable":true,"href":"https:\/\/zonaroja.com.mx\/index.php?rest_route=%2Fwp%2Fv2%2Fcategories&post=13707"},{"taxonomy":"post_tag","embeddable":true,"href":"https:\/\/zonaroja.com.mx\/index.php?rest_route=%2Fwp%2Fv2%2Ftags&post=13707"}],"curies":[{"name":"wp","href":"https:\/\/api.w.org\/{rel}","templated":true}]}}