{"id":13711,"date":"2020-06-14T14:27:57","date_gmt":"2020-06-14T19:27:57","guid":{"rendered":"http:\/\/www.zonaroja.com.mx\/?p=13711"},"modified":"2020-06-14T14:28:00","modified_gmt":"2020-06-14T19:28:00","slug":"impulso-economico-a-comerciantes-y-comunidades-debe-ser-prioridad-de-gobierno","status":"publish","type":"post","link":"https:\/\/zonaroja.com.mx\/?p=13711","title":{"rendered":"Impulso econ\u00f3mico a comerciantes y comunidades, debe ser prioridad de gobierno"},"content":{"rendered":"\n<p>Redacci\u00f3n\/Zona Roja.<\/p>\n\n\n\n<p>Oaxaca de Ju\u00e1rez, Oax., 14 de junio\nde 2020.- Con el fin de que la poblaci\u00f3n del estado en condiciones precarias\npueda hacer frente a la emergencia sanitaria por el virus Covid-19, el diputado\nHoracio Sosa present\u00f3 un exhorto al gobernador Alejandro Murat para cubrir los\ncobros de agua potable a la poblaci\u00f3n m\u00e1s vulnerable, as\u00ed como reabrir los\nmercados itinerantes o de d\u00edas de plaza, con el fin de salvaguardar el derecho\na la alimentaci\u00f3n; tambi\u00e9n elaborar un plan para&nbsp; apoyar a artesanos y campesinos.<\/p>\n\n\n\n<p>El legislador manifest\u00f3 que debido a\nlas medidas de confinamiento y cierre de establecimientos comerciales y\nmercados itinerantes, con la finalidad de no propagar el virus, cientos de\nfamilias oaxaque\u00f1as han tenido un impacto econ\u00f3mico y hasta el momento no han\nrecibido esquemas de apoyo. Sin embargo, se prev\u00e9 una vasta inversi\u00f3n para el\napoyo a las empresas afectadas por la emergencia sanitaria, sin tomar en cuenta\nque la ampl\u00edsima mayor\u00eda de la poblaci\u00f3n del estado est\u00e1 ocupada en el sector\ninformal de la econom\u00eda.<\/p>\n\n\n\n<p>\u201cEsto es s\u00f3lo una muestra de que las\npol\u00edticas del gobierno estatal no toman en cuenta las caracter\u00edsticas sociales\ny econ\u00f3micas de la poblaci\u00f3n gobernada, lo que ocasiona justo los efectos que\nsupuestamente se busca evitar\u201d, dijo.<\/p>\n\n\n\n<p>El representante popular destac\u00f3 que\nel Centro de Derechos Ind\u00edgenas \u201cFlor y Canto\u201d, A.C. y la Coordinadora de\nPueblos Unidos por el Cuidado y Defensa del Agua, presentaron un oficio en el\nque exponen que la emergencia sanitaria por la que atraviesa el pa\u00eds, en el\ncaso de Oaxaca puede convertirse en una severa crisis social.<\/p>\n\n\n\n<p>Pues aun cuando existen claros y\nsuficientes est\u00e1ndares en los sistemas universal e interamericano de derechos\nhumanos respecto a los derechos de los pueblos ind\u00edgenas durante pandemias y\ncontingencias sanitarias como la actual, \u00e9stos no son acatados por las\nautoridades.<\/p>\n\n\n\n<p>En raz\u00f3n de ello, solicitan la\nadopci\u00f3n de medidas diferenciadas de acuerdo al contexto y necesidades propias,\ncomo instrumentos que garanticen el ejercicio de sus derechos durante esta\ncontingencia sanitaria, haciendo \u00e9nfasis en los derechos de las mujeres\nind\u00edgenas.<\/p>\n\n\n\n<p>En este sentido, el diputado Horacio\nSosa propuso disponer de recursos necesarios del Presupuesto de Egresos del\nEstado para cubrir entre la mitad y el total de los cobros de energ\u00eda el\u00e9ctrica\ny de agua de la poblaci\u00f3n m\u00e1s necesitada del estado, con especial atenci\u00f3n a\nlos pueblos ind\u00edgenas y afromexicanos.<\/p>\n\n\n\n<p>Reabrir los mercados itinerantes o de\nd\u00edas de plaza, con el fin de salvaguardar el derecho a la alimentaci\u00f3n,\ngarantizando el abasto de alimentos, y permitir a los pueblos ind\u00edgenas\nmantener sus espacios propios de intercambio o venta de los productos, y apoyarles\npara que funcionen con las medidas adecuadas de prevenci\u00f3n y sana distancia.<\/p>\n\n\n\n<p>Elaborar un plan para realizar\ntransferencias monetarias directas a hogares campesinos, artesanos y en general\na quienes se encuentran sin salario o a familias en situaci\u00f3n de pobreza, as\u00ed\ncomo la entrega de paquetes de alimentos a familias y a estudiantes que s\u00f3lo en\nlas escuelas ten\u00edan acceso a una alimentaci\u00f3n adecuada. As\u00ed como autorizar\nnuevas l\u00edneas de cr\u00e9dito para las familias campesinas en condiciones de\nprecariedad, como principales agentes del sistema alimentario.<\/p>\n","protected":false},"excerpt":{"rendered":"<p>Redacci\u00f3n\/Zona Roja. Oaxaca de Ju\u00e1rez, Oax., 14 de junio de 2020.- Con el fin de&hellip;<\/p>\n","protected":false},"author":2,"featured_media":13712,"comment_status":"closed","ping_status":"open","sticky":false,"template":"","format":"standard","meta":{"_lmt_disableupdate":"","_lmt_disable":"","_jetpack_memberships_contains_paid_content":false,"footnotes":""},"categories":[109,47],"tags":[444],"class_list":["post-13711","post","type-post","status-publish","format-standard","has-post-thumbnail","hentry","category-minuto-a-minuto","category-zona-gris","tag-horacio-sosa-villavicencio"],"jetpack_featured_media_url":"https:\/\/zonaroja.com.mx\/wp-content\/uploads\/2020\/06\/Impulso-econo\u0301mico-a-comerciantes-y-comunidades-indigenas-debe-ser-prioridad-para-gobierno-estatal.jpeg","jetpack_sharing_enabled":true,"_links":{"self":[{"href":"https:\/\/zonaroja.com.mx\/index.php?rest_route=\/wp\/v2\/posts\/13711","targetHints":{"allow":["GET"]}}],"collection":[{"href":"https:\/\/zonaroja.com.mx\/index.php?rest_route=\/wp\/v2\/posts"}],"about":[{"href":"https:\/\/zonaroja.com.mx\/index.php?rest_route=\/wp\/v2\/types\/post"}],"author":[{"embeddable":true,"href":"https:\/\/zonaroja.com.mx\/index.php?rest_route=\/wp\/v2\/users\/2"}],"replies":[{"embeddable":true,"href":"https:\/\/zonaroja.com.mx\/index.php?rest_route=%2Fwp%2Fv2%2Fcomments&post=13711"}],"version-history":[{"count":1,"href":"https:\/\/zonaroja.com.mx\/index.php?rest_route=\/wp\/v2\/posts\/13711\/revisions"}],"predecessor-version":[{"id":13713,"href":"https:\/\/zonaroja.com.mx\/index.php?rest_route=\/wp\/v2\/posts\/13711\/revisions\/13713"}],"wp:featuredmedia":[{"embeddable":true,"href":"https:\/\/zonaroja.com.mx\/index.php?rest_route=\/wp\/v2\/media\/13712"}],"wp:attachment":[{"href":"https:\/\/zonaroja.com.mx\/index.php?rest_route=%2Fwp%2Fv2%2Fmedia&parent=13711"}],"wp:term":[{"taxonomy":"category","embeddable":true,"href":"https:\/\/zonaroja.com.mx\/index.php?rest_route=%2Fwp%2Fv2%2Fcategories&post=13711"},{"taxonomy":"post_tag","embeddable":true,"href":"https:\/\/zonaroja.com.mx\/index.php?rest_route=%2Fwp%2Fv2%2Ftags&post=13711"}],"curies":[{"name":"wp","href":"https:\/\/api.w.org\/{rel}","templated":true}]}}