{"id":13714,"date":"2020-06-14T15:25:47","date_gmt":"2020-06-14T20:25:47","guid":{"rendered":"http:\/\/www.zonaroja.com.mx\/?p=13714"},"modified":"2020-06-14T15:32:17","modified_gmt":"2020-06-14T20:32:17","slug":"tres-meses-despues-de-desaparecida-hallan-a-fatima-en-fosa-clandestina","status":"publish","type":"post","link":"https:\/\/zonaroja.com.mx\/?p=13714","title":{"rendered":"Tres meses despu\u00e9s de desaparecida\u2026 hallan a F\u00e1tima en fosa clandestina"},"content":{"rendered":"\n<p>Redacci\u00f3n\/Zona Roja.<\/p>\n\n\n\n<p>Oaxaca de Ju\u00e1rez, Oax., 14 de junio\nde 2020.- Tres meses despu\u00e9s de desaparecida, ayer fue localizado en una fosa\nclandestina el cuerpo de F\u00e1tima P. M., joven de 18 a\u00f1os de edad, quien fue\nvista la \u00faltima vez el pasado 2 de marzo en San Juan Bautista Tuxtepec.<\/p>\n\n\n\n<p>A familiares de la joven, la Vicefiscal\u00eda\nRegional de la Cuenca les notific\u00f3 que, por confesiones de Omar B. G.&#8211;\u2013detenido\nayer por la desaparici\u00f3n&#8211;, se trataba de F\u00e1tima, quien adem\u00e1s fue ultrajada\nsexualmente y torturada.<\/p>\n\n\n\n<p>Tres d\u00edas despu\u00e9s de la desaparici\u00f3n,\ndenunciaron organismos civiles, la Unidad de Personas Desaparecidas y No\nLocalizadas, emiti\u00f3 la ficha de b\u00fasqueda, en que se describe que la joven sali\u00f3\nel 2 de marzo de su hogar, ubicado en la colonia Santa Fe.<\/p>\n\n\n\n<p>Vest\u00eda blusa o playera color rosa,\npantal\u00f3n de mezclilla negro y calzaba botas de trabajo de piel, color caf\u00e9,\nadem\u00e1s de llevar su bolso de mano.<\/p>\n\n\n\n<p>Tras la detenci\u00f3n de Omar, la Fiscal\u00eda General del Estado inici\u00f3 una b\u00fasqueda en inmediaciones de Zacate Colorado, donde oficialmente reconoci\u00f3 que se hall\u00f3 un cuerpo. <\/p>\n\n\n\n<figure class=\"wp-block-embed-twitter wp-block-embed is-type-rich is-provider-twitter\"><div class=\"wp-block-embed__wrapper\">\n<div class=\"twitter-tweet\"><blockquote class=\"twitter-tweet\" data-lang=\"es\"><p lang=\"es\" dir=\"ltr\"><a href=\"https:\/\/twitter.com\/hashtag\/OaxacaROjo?src=hash&amp;ref_src=twsrc%5Etfw\">#OaxacaROjo<\/a><br>Como F\u00e1tima P. M., de 18 a\u00f1os de edad y desaparecida el pasado 2 de marzo, fue identificado por sus familiares y autoridades ministeriales, el cuerpo localizado ayer en una fosa clandestina en San Juan Bautista <a href=\"https:\/\/twitter.com\/hashtag\/Tuxtepec?src=hash&amp;ref_src=twsrc%5Etfw\">#Tuxtepec<\/a>, Oaxaca.<a href=\"https:\/\/twitter.com\/hashtag\/JusticiaParaF%C3%A1tima?src=hash&amp;ref_src=twsrc%5Etfw\">#JusticiaParaF\u00e1tima<\/a><br>Video: <a href=\"https:\/\/twitter.com\/ELPINERO?ref_src=twsrc%5Etfw\">@ELPINERO<\/a> <a href=\"https:\/\/t.co\/W7ITpx7dOO\">pic.twitter.com\/W7ITpx7dOO<\/a><\/p>&mdash; Zona Roja Oaxaca (@MexRoja) <a href=\"https:\/\/twitter.com\/MexRoja\/status\/1272262515586523138?ref_src=twsrc%5Etfw\">14 de junio de 2020<\/a><\/blockquote><\/div>\n<\/div><\/figure>\n\n\n\n<p>\u201cAyer efectivamente nos llamaron de\nla Fiscal\u00eda para informarnos la situaci\u00f3n; no me han entregado ning\u00fan cuerpo,\nno tengo nada con esos protocolos de que hay que entregar el cuerpo, nada,\nsimplemente me llaman y me dicen: se\u00f1ora, Omar dijo, as\u00ed como dio se\u00f1as d\u00f3nde\nestaba la fosa\u201d, dijo la se\u00f1ora Luc\u00eda Moreno Carlos, madre de F\u00e1tima.<\/p>\n\n\n\n<p>Adem\u00e1s, le adelantaron que podr\u00eda\nhaber otros cuerpos, entre ellos el de Casandra.<\/p>\n\n\n\n<p>ERA PROFESOR EL ASESINADO<\/p>\n\n\n\n<p>Por otra parte, la persona asesinada\nayer en San Pedro Amuzgos, fue identificada hoy como el profesor Armando S. C.,\nde 55 a\u00f1os de edad, quien fue ultimado a balazos a bordo de su veh\u00edculo.<\/p>\n\n\n\n<p>El mentor fue agredido a balazos por\npersonas desconocidas cuando transitaba en la carretera federal tramo San Pedro\nAmuzgos-Santa Mar\u00eda Ipalapa; hasta el momento no hay personas detenidas.<\/p>\n\n\n\n<p>IBAN A LINCHARLO<\/p>\n\n\n\n<p>Mientras tanto, polic\u00edas estatales\nrescataron a noche del viernes a una persona acusada de ladr\u00f3n, en la comunidad\nde Magdalena Teitipac, del distrito de Tlacolula.<\/p>\n\n\n\n<p>El sujeto hab\u00eda sido detenido por\npolic\u00edas municipales y encerrado en la c\u00e1rcel municipal, para ser entregado a\nla Fiscal\u00eda General del Estado. <\/p>\n\n\n\n<p>Sin embargo, la gente enardecida\narrib\u00f3 al lugar para exigir que les entregaran al individuo, identificado como\nEfra\u00edn G. V., de 20 a\u00f1os de edad, y lincharlos, pues gritaron que no conf\u00edan en\nla justicia.<\/p>\n\n\n\n<p>Al final tras s\u00faplicas y la presencia\nde la Guardia Nacional, fue rescatada y llevada ante el Ministerio P\u00fablico,\naunque la parte acusadora al final no present\u00f3 cargos.<\/p>\n","protected":false},"excerpt":{"rendered":"<p>Redacci\u00f3n\/Zona Roja. Oaxaca de Ju\u00e1rez, Oax., 14 de junio de 2020.- Tres meses despu\u00e9s de&hellip;<\/p>\n","protected":false},"author":2,"featured_media":13720,"comment_status":"closed","ping_status":"open","sticky":false,"template":"","format":"standard","meta":{"_lmt_disableupdate":"","_lmt_disable":"","_jetpack_memberships_contains_paid_content":false,"footnotes":""},"categories":[1],"tags":[118],"class_list":["post-13714","post","type-post","status-publish","format-standard","has-post-thumbnail","hentry","category-sin-categoria","tag-san-juan-bautista-tuxtepec"],"jetpack_featured_media_url":"https:\/\/zonaroja.com.mx\/wp-content\/uploads\/2020\/06\/F\u00e1tima-Tuxtepec.jpg","jetpack_sharing_enabled":true,"_links":{"self":[{"href":"https:\/\/zonaroja.com.mx\/index.php?rest_route=\/wp\/v2\/posts\/13714","targetHints":{"allow":["GET"]}}],"collection":[{"href":"https:\/\/zonaroja.com.mx\/index.php?rest_route=\/wp\/v2\/posts"}],"about":[{"href":"https:\/\/zonaroja.com.mx\/index.php?rest_route=\/wp\/v2\/types\/post"}],"author":[{"embeddable":true,"href":"https:\/\/zonaroja.com.mx\/index.php?rest_route=\/wp\/v2\/users\/2"}],"replies":[{"embeddable":true,"href":"https:\/\/zonaroja.com.mx\/index.php?rest_route=%2Fwp%2Fv2%2Fcomments&post=13714"}],"version-history":[{"count":2,"href":"https:\/\/zonaroja.com.mx\/index.php?rest_route=\/wp\/v2\/posts\/13714\/revisions"}],"predecessor-version":[{"id":27026,"href":"https:\/\/zonaroja.com.mx\/index.php?rest_route=\/wp\/v2\/posts\/13714\/revisions\/27026"}],"wp:featuredmedia":[{"embeddable":true,"href":"https:\/\/zonaroja.com.mx\/index.php?rest_route=\/wp\/v2\/media\/13720"}],"wp:attachment":[{"href":"https:\/\/zonaroja.com.mx\/index.php?rest_route=%2Fwp%2Fv2%2Fmedia&parent=13714"}],"wp:term":[{"taxonomy":"category","embeddable":true,"href":"https:\/\/zonaroja.com.mx\/index.php?rest_route=%2Fwp%2Fv2%2Fcategories&post=13714"},{"taxonomy":"post_tag","embeddable":true,"href":"https:\/\/zonaroja.com.mx\/index.php?rest_route=%2Fwp%2Fv2%2Ftags&post=13714"}],"curies":[{"name":"wp","href":"https:\/\/api.w.org\/{rel}","templated":true}]}}