{"id":13717,"date":"2020-06-14T15:29:23","date_gmt":"2020-06-14T20:29:23","guid":{"rendered":"http:\/\/www.zonaroja.com.mx\/?p=13717"},"modified":"2020-06-14T15:29:26","modified_gmt":"2020-06-14T20:29:26","slug":"analizan-seguir-proceso-de-preliberacion-de-presos-en-oaxaca","status":"publish","type":"post","link":"https:\/\/zonaroja.com.mx\/?p=13717","title":{"rendered":"Analizan seguir proceso de preliberaci\u00f3n de presos en Oaxaca"},"content":{"rendered":"\n<p>Redacci\u00f3n\/Zona Roja.<\/p>\n\n\n\n<p>Oaxaca de Ju\u00e1rez, Oax., 14 de junio\nde 2020.- Tras la libertad anticipada de 15 personas en mayo pasado, el Poder\nJudicial de Oaxaca y la Secretar\u00eda de Seguridad P\u00fablica analizan nuevos casos.<\/p>\n\n\n\n<p>El magistrado Eduardo Pinacho S\u00e1nchez\nsostuvo una reuni\u00f3n virtual con el secretario Ra\u00fal Ernesto Salcedo Rosales y el\nsubsecretario de Reinserci\u00f3n Social, Jacobo Olaf Rodr\u00edguez Garc\u00eda, con el\nobjetivo de dar seguimiento a las gestiones del beneficio de la preliberaci\u00f3n a\npersonas privadas de su libertad, que se encuentran en distintos centros\npenitenciarios de la entidad.<\/p>\n\n\n\n<p>Ante el incremento de contagios por\nel virus SARS-CoV2, el presidente del Tribunal Superior de Justicia y del\nConsejo de la Judicatura, reiter\u00f3 que esta medida, por razones humanitarias,\nhacia quienes est\u00e1n pr\u00f3ximos a finiquitar su pena de prisi\u00f3n, refrenda el\ncompromiso institucional de humanizar la administraci\u00f3n e impartici\u00f3n de\njusticia.<\/p>\n\n\n\n<p>De manera coordinada, los\nrepresentantes de las instituciones analizaron y valoraron por delito y\nconducta, diversos expedientes, privilegiando el derecho a la salud e\nintegridad, para que otro grupo de personas reciban pr\u00f3ximamente este beneficio\ny cuenten con la oportunidad de reintegrarse a sus hogares y a la sociedad.<\/p>\n\n\n\n<p>Asimismo, de manera minuciosa\nrevisaron expedientes y casos de mujeres privadas de su libertad, para\ncontemplar la aplicaci\u00f3n del esquema de libertad anticipada a este sector\nvulnerable de la poblaci\u00f3n, otorg\u00e1ndoles el derecho de reunirse con sus seres queridos,\nhijos y dem\u00e1s miembros de su familia, brind\u00e1ndoles un trato digno.<\/p>\n\n\n\n<p>En los primeros d\u00edas del mes de mayo,\ngracias al trabajo interinstitucional encabezado por el magistrado Eduardo\nPinacho, se realizaron las primeras liberaciones anticipadas por razones\nhumanitarias a 15 personas que se encontraban en centros de reinserci\u00f3n en las\ndiferentes regiones, destacando a nivel nacional como uno de los pocos estados\nque llevan a cabo este tipo de acciones para mitigar los contagios por\ncoronavirus.<\/p>\n\n\n\n<p>Al hacer efectivo el principio de\nproporcionalidad de la pena previsto en el art\u00edculo 22 Constitucional, las\ninstituciones establecen l\u00edneas de acci\u00f3n para favorecer y privilegiar la\ndignidad de quienes cumplen condenas por delitos en materia penal, la cual ya ha\nsido considerada por diversos organismos internacionales en materia de derechos\nhumanos.<\/p>\n\n\n\n<p>En Oaxaca existen actualmente diez\ncentros penitenciarios donde se encuentran 4 mil 300 personas privadas de su\nlibertad, a quienes se les debe garantizar su derecho a la salud e integridad.<\/p>\n","protected":false},"excerpt":{"rendered":"<p>Redacci\u00f3n\/Zona Roja. Oaxaca de Ju\u00e1rez, Oax., 14 de junio de 2020.- Tras la libertad anticipada&hellip;<\/p>\n","protected":false},"author":2,"featured_media":13718,"comment_status":"closed","ping_status":"open","sticky":false,"template":"","format":"standard","meta":{"_lmt_disableupdate":"","_lmt_disable":"","_jetpack_memberships_contains_paid_content":false,"footnotes":""},"categories":[109,46],"tags":[1369],"class_list":["post-13717","post","type-post","status-publish","format-standard","has-post-thumbnail","hentry","category-minuto-a-minuto","category-zona-blanca","tag-tribunal-superior-de-justicia-de-oaxacatsejo"],"jetpack_featured_media_url":"https:\/\/zonaroja.com.mx\/wp-content\/uploads\/2020\/06\/VIDEOREUNION-PJE-SSPO.jpg","jetpack_sharing_enabled":true,"_links":{"self":[{"href":"https:\/\/zonaroja.com.mx\/index.php?rest_route=\/wp\/v2\/posts\/13717","targetHints":{"allow":["GET"]}}],"collection":[{"href":"https:\/\/zonaroja.com.mx\/index.php?rest_route=\/wp\/v2\/posts"}],"about":[{"href":"https:\/\/zonaroja.com.mx\/index.php?rest_route=\/wp\/v2\/types\/post"}],"author":[{"embeddable":true,"href":"https:\/\/zonaroja.com.mx\/index.php?rest_route=\/wp\/v2\/users\/2"}],"replies":[{"embeddable":true,"href":"https:\/\/zonaroja.com.mx\/index.php?rest_route=%2Fwp%2Fv2%2Fcomments&post=13717"}],"version-history":[{"count":1,"href":"https:\/\/zonaroja.com.mx\/index.php?rest_route=\/wp\/v2\/posts\/13717\/revisions"}],"predecessor-version":[{"id":13719,"href":"https:\/\/zonaroja.com.mx\/index.php?rest_route=\/wp\/v2\/posts\/13717\/revisions\/13719"}],"wp:featuredmedia":[{"embeddable":true,"href":"https:\/\/zonaroja.com.mx\/index.php?rest_route=\/wp\/v2\/media\/13718"}],"wp:attachment":[{"href":"https:\/\/zonaroja.com.mx\/index.php?rest_route=%2Fwp%2Fv2%2Fmedia&parent=13717"}],"wp:term":[{"taxonomy":"category","embeddable":true,"href":"https:\/\/zonaroja.com.mx\/index.php?rest_route=%2Fwp%2Fv2%2Fcategories&post=13717"},{"taxonomy":"post_tag","embeddable":true,"href":"https:\/\/zonaroja.com.mx\/index.php?rest_route=%2Fwp%2Fv2%2Ftags&post=13717"}],"curies":[{"name":"wp","href":"https:\/\/api.w.org\/{rel}","templated":true}]}}