{"id":13722,"date":"2020-06-14T15:36:44","date_gmt":"2020-06-14T20:36:44","guid":{"rendered":"http:\/\/www.zonaroja.com.mx\/?p=13722"},"modified":"2020-06-14T15:36:47","modified_gmt":"2020-06-14T20:36:47","slug":"agradece-soledad-jarquin-respaldo-en-campana-hastaquelajusticiallegue","status":"publish","type":"post","link":"https:\/\/zonaroja.com.mx\/?p=13722","title":{"rendered":"Agradece Soledad Jarqu\u00edn respaldo en campa\u00f1a #HastaQueLaJusticiaLlegue"},"content":{"rendered":"\n<p>Evlin Arag\u00f3n\/Zona Roja.<\/p>\n\n\n\n<p>Oaxaca de Ju\u00e1rez, Oax., 14 de junio\nde 2020.- La reconocida periodista oaxaque\u00f1a, Soledad Jarqu\u00edn Edgar, agradeci\u00f3\nel respaldo de la sociedad civil , defensoras de derechos humanos y organizaci\u00f3n\nsociales durante los 20 d\u00edas de la campa\u00f1a #HastaQueLaJusticiaLlegue, con la\nque evidenci\u00f3 que a dos a\u00f1os del asesinato de su hija, la Fiscal\u00eda General de\nOaxaca ha sido omisa y encubridora de los responsables. <\/p>\n\n\n\n<p>Del 20 de mayo al 10 de junio, decenas\nde personas hicieron ciberactivismo, debido a la pandemia, para exigir justicia\npara Mar\u00eda del Sol Cruz Jarqu\u00edn, a dos a\u00f1os de su asesinato, per\u00edodo de tiempo\nen el que de acuerdo con la familia han testificado actos de complicidad,\nsimulaci\u00f3n e impunidad total de parte de las autoridades estatales.<\/p>\n\n\n\n<p>La campa\u00f1a se logr\u00f3 gracias al\nrespaldo de Consorcio Oaxaca, organizaci\u00f3n que acompa\u00f1a a la familia en la\nb\u00fasqueda de justicia, adem\u00e1s que cont\u00f3 con mensajes de apoyo de artistas,\nperiodistas y personas defensoras de derechos humanos como: Geo Meneses, Karla\nIberia S\u00e1nchez, Daniel Gim\u00e9nez Cacho, Sara Lovera, Ixchel Cisneros, Ana D\u00edaz,\nRaul Vera, Mary Lawlor, Andrew Anderson y Alda Facio, entre otros.<\/p>\n\n\n\n<p>\u201cA la Red Nacional de Defensoras, la\nIniciativa Mesoamericana de Mujeres Defensoras de Derechos Humanos, el\nObservatorio Nacional de Feminicidio M\u00e9xico y a SemM\u00e9xico.mx\u201d, refiere la\nperiodista como parte de sus agradecimientos.<\/p>\n\n\n\n<p>De igual forma, agradeci\u00f3 a todas las\npersonas que de forma solidaria respaldaron la campa\u00f1a colocando los marcos\nespeciales en sus redes sociales, utilizando los \u201chashtags\u201d y compartiendo las\npublicaciones; as\u00ed como a los medios de comunicaci\u00f3n que se sumaron para dar\ncuenta de la impunidad que impera en el caso.<\/p>\n\n\n\n<p>\u201cA todos y todas gracias con el alma\u201d\nconcluye la periodista despu\u00e9s de una campa\u00f1a que incluy\u00f3 foros, conferencia de\nprensa, la exigencia permanente de justicia a trav\u00e9s de las redes sociales y la\ncolocaci\u00f3n de espectaculares que nuevamente fueron retirados por personas\ndesconocidas.<\/p>\n\n\n\n<p>Durante los 20 d\u00edas que dur\u00f3 la\ncampa\u00f1a, no hubo ni un solo pronunciamiento por parte del fiscal general Rub\u00e9n\nVasconcelos, ni de alguna otra autoridad con respecto a los \u201cavances\u201d que\npudieran llevar los procedimientos penales y administrativos, manteniendo la\nzozobra y la impunidad en el caso.<\/p>\n\n\n\n<p>Mar\u00eda del Sol fue asesinada el 2 de\njunio del 2018, luego de ser obligada a cubrir la campa\u00f1a del entonces\ncandidato a la presidencia municipal de Juchit\u00e1n de Zaragoza, Hageo Montero\nL\u00f3pez, hoy regidor en el Cabildo de esa poblaci\u00f3n istme\u00f1a. <\/p>\n\n\n\n<p>Fue su jefe, hermano del candidato y\ntitular de la Secretar\u00eda de Asuntos Ind\u00edgenas, Francisco Montero L\u00f3pez quien\norden\u00f3 el traslado de la joven a finales de abril de 2018, quien acept\u00f3 por\ntemor a perder su empleo si se negaba.<\/p>\n\n\n\n<p>Durante estos casi dos a\u00f1os, la\nfamilia de la joven ha denunciado que se les ha negado sistem\u00e1ticamente la\njusticia ante una Fiscal\u00eda omisa y deficiente que no ha dado resultado en\nninguna de las tres carpetas de investigaci\u00f3n que inici\u00f3.<\/p>\n","protected":false},"excerpt":{"rendered":"<p>Evlin Arag\u00f3n\/Zona Roja. Oaxaca de Ju\u00e1rez, Oax., 14 de junio de 2020.- La reconocida periodista&hellip;<\/p>\n","protected":false},"author":2,"featured_media":13723,"comment_status":"closed","ping_status":"open","sticky":false,"template":"","format":"standard","meta":{"_lmt_disableupdate":"","_lmt_disable":"","_jetpack_memberships_contains_paid_content":false,"footnotes":""},"categories":[109,47],"tags":[1059,1105],"class_list":["post-13722","post","type-post","status-publish","format-standard","has-post-thumbnail","hentry","category-minuto-a-minuto","category-zona-gris","tag-maria-del-sol-cruz-jarquin","tag-soledad-jarquin-edgar"],"jetpack_featured_media_url":"https:\/\/zonaroja.com.mx\/wp-content\/uploads\/2020\/06\/Mar\u00eda-del-Sol-Cruz-2.jpg","jetpack_sharing_enabled":true,"_links":{"self":[{"href":"https:\/\/zonaroja.com.mx\/index.php?rest_route=\/wp\/v2\/posts\/13722","targetHints":{"allow":["GET"]}}],"collection":[{"href":"https:\/\/zonaroja.com.mx\/index.php?rest_route=\/wp\/v2\/posts"}],"about":[{"href":"https:\/\/zonaroja.com.mx\/index.php?rest_route=\/wp\/v2\/types\/post"}],"author":[{"embeddable":true,"href":"https:\/\/zonaroja.com.mx\/index.php?rest_route=\/wp\/v2\/users\/2"}],"replies":[{"embeddable":true,"href":"https:\/\/zonaroja.com.mx\/index.php?rest_route=%2Fwp%2Fv2%2Fcomments&post=13722"}],"version-history":[{"count":1,"href":"https:\/\/zonaroja.com.mx\/index.php?rest_route=\/wp\/v2\/posts\/13722\/revisions"}],"predecessor-version":[{"id":13724,"href":"https:\/\/zonaroja.com.mx\/index.php?rest_route=\/wp\/v2\/posts\/13722\/revisions\/13724"}],"wp:featuredmedia":[{"embeddable":true,"href":"https:\/\/zonaroja.com.mx\/index.php?rest_route=\/wp\/v2\/media\/13723"}],"wp:attachment":[{"href":"https:\/\/zonaroja.com.mx\/index.php?rest_route=%2Fwp%2Fv2%2Fmedia&parent=13722"}],"wp:term":[{"taxonomy":"category","embeddable":true,"href":"https:\/\/zonaroja.com.mx\/index.php?rest_route=%2Fwp%2Fv2%2Fcategories&post=13722"},{"taxonomy":"post_tag","embeddable":true,"href":"https:\/\/zonaroja.com.mx\/index.php?rest_route=%2Fwp%2Fv2%2Ftags&post=13722"}],"curies":[{"name":"wp","href":"https:\/\/api.w.org\/{rel}","templated":true}]}}