{"id":13728,"date":"2020-06-14T21:32:44","date_gmt":"2020-06-15T02:32:44","guid":{"rendered":"http:\/\/www.zonaroja.com.mx\/?p=13728"},"modified":"2020-06-14T21:32:47","modified_gmt":"2020-06-15T02:32:47","slug":"rebasa-oaxaca-los-tres-mil-contagiados-por-covid-19","status":"publish","type":"post","link":"https:\/\/zonaroja.com.mx\/?p=13728","title":{"rendered":"Rebasa Oaxaca los tres mil contagiados por Covid-19"},"content":{"rendered":"\n<p>Redacci\u00f3n\/Zona Roja.<\/p>\n\n\n\n<p>Oaxaca de Ju\u00e1rez, Oax. 14 de junio de\n2020.- Los casos confirmados de Covid-19 en Oaxaca alcanzaron este domingo los\ntres mil 78 pacientes, 140 m\u00e1s que d\u00eda de ayer, inform\u00f3 la dependencia\nServicios de Salud de Oaxaca (SSO).<\/p>\n\n\n\n<p>El titular de SSO, Donato Casas, inform\u00f3\nque a la fecha se tiene el 43.2 por ciento de ocupaci\u00f3n hospitalaria de\npacientes infectados con el nuevo coronavirus, de esta cifra el 42.3% son camas\nde vigilancia m\u00e9dica y el 46.3% corresponden a camas con equipos de respiraci\u00f3n\nartificial.<\/p>\n\n\n\n<p>En un comunicado, subray\u00f3 que las\nlocalidades m\u00e1s afectadas contin\u00faan siendo en las zonas metropolitanas: Valles\nCentrales registra dos mil 134 positivos, Tuxtepec notifica 386 pacientes,\nseguido por el Istmo de Tehuantepec con 180, la Mixteca con 167, la Costa con\n133 y por \u00faltimo la Sierra (Norte) con 78 confirmados.<\/p>\n\n\n\n<p>En tanto, las defunciones asociadas al virus, al corte de este 14 de junio, se notificaron nueve decesos, lo que suman un global de 343 personas que han perdido la vida a causa del padecimiento respiratorio.<\/p>\n\n\n\n<figure class=\"wp-block-image\"><img decoding=\"async\" width=\"1024\" height=\"582\" src=\"http:\/\/www.zonaroja.com.mx\/wp-content\/uploads\/2020\/06\/SSO-2-1-2-1024x582.jpeg\" alt=\"\" class=\"wp-image-13730\" srcset=\"https:\/\/zonaroja.com.mx\/wp-content\/uploads\/2020\/06\/SSO-2-1-2-1024x582.jpeg 1024w, https:\/\/zonaroja.com.mx\/wp-content\/uploads\/2020\/06\/SSO-2-1-2-300x171.jpeg 300w, https:\/\/zonaroja.com.mx\/wp-content\/uploads\/2020\/06\/SSO-2-1-2-768x437.jpeg 768w, https:\/\/zonaroja.com.mx\/wp-content\/uploads\/2020\/06\/SSO-2-1-2-1170x665.jpeg 1170w, https:\/\/zonaroja.com.mx\/wp-content\/uploads\/2020\/06\/SSO-2-1-2-585x333.jpeg 585w, https:\/\/zonaroja.com.mx\/wp-content\/uploads\/2020\/06\/SSO-2-1-2.jpeg 1280w\" sizes=\"(max-width: 1024px) 100vw, 1024px\" \/><\/figure>\n\n\n\n<p>A\u00f1adi\u00f3 que en total se han detectado\nseis mil 099 personas con s\u00edntomas relacionados a la enfermedad, de las cuales\ndos mil 378 han sido negativos, 643 est\u00e1n como sospechosos y dos mil 145\npacientes se han recuperado. Los casos activos hasta el momento son 590.<\/p>\n\n\n\n<p>Por lo que el encargado de la salud\nde los oaxaque\u00f1os, volvi\u00f3 a hacer un llamado en\u00e9rgico a la poblaci\u00f3n,\nprincipalmente a las personas que viven en los municipios con m\u00e1s incidencia de\ncasos, para que disminuyan la movilidad, se queden en casa y apliquen los\nprotocolos de sana distancia, el uso de cubrebocas, as\u00ed como el lavado de manos\ncon agua y jab\u00f3n.<\/p>\n\n\n\n<p>Y ante s\u00edntomas como tos seca,\nfiebre, cansancio, dolor de garganta y cabeza, as\u00ed como dificultad para\nrespirar o falta de aire, diarrea, p\u00e9rdida del olfato o gusto, llamar de manera\ninmediata a los tel\u00e9fonos 800 770 8437, 951 516 8242 y el 951 516 12 20 o\nenviar un mensaje de WhatsApp al 951 297 5741, donde personal capacitado dar\u00e1\nseguimiento m\u00e9dico oportuno.<\/p>\n","protected":false},"excerpt":{"rendered":"<p>Redacci\u00f3n\/Zona Roja. Oaxaca de Ju\u00e1rez, Oax. 14 de junio de 2020.- Los casos confirmados de&hellip;<\/p>\n","protected":false},"author":2,"featured_media":13729,"comment_status":"closed","ping_status":"open","sticky":false,"template":"","format":"standard","meta":{"_lmt_disableupdate":"","_lmt_disable":"","_jetpack_memberships_contains_paid_content":false,"footnotes":""},"categories":[109,47],"tags":[1512],"class_list":["post-13728","post","type-post","status-publish","format-standard","has-post-thumbnail","hentry","category-minuto-a-minuto","category-zona-gris","tag-coronavirus-oaxaca"],"jetpack_featured_media_url":"https:\/\/zonaroja.com.mx\/wp-content\/uploads\/2020\/06\/SSO-1-1-2.jpeg","jetpack_sharing_enabled":true,"_links":{"self":[{"href":"https:\/\/zonaroja.com.mx\/index.php?rest_route=\/wp\/v2\/posts\/13728","targetHints":{"allow":["GET"]}}],"collection":[{"href":"https:\/\/zonaroja.com.mx\/index.php?rest_route=\/wp\/v2\/posts"}],"about":[{"href":"https:\/\/zonaroja.com.mx\/index.php?rest_route=\/wp\/v2\/types\/post"}],"author":[{"embeddable":true,"href":"https:\/\/zonaroja.com.mx\/index.php?rest_route=\/wp\/v2\/users\/2"}],"replies":[{"embeddable":true,"href":"https:\/\/zonaroja.com.mx\/index.php?rest_route=%2Fwp%2Fv2%2Fcomments&post=13728"}],"version-history":[{"count":1,"href":"https:\/\/zonaroja.com.mx\/index.php?rest_route=\/wp\/v2\/posts\/13728\/revisions"}],"predecessor-version":[{"id":13731,"href":"https:\/\/zonaroja.com.mx\/index.php?rest_route=\/wp\/v2\/posts\/13728\/revisions\/13731"}],"wp:featuredmedia":[{"embeddable":true,"href":"https:\/\/zonaroja.com.mx\/index.php?rest_route=\/wp\/v2\/media\/13729"}],"wp:attachment":[{"href":"https:\/\/zonaroja.com.mx\/index.php?rest_route=%2Fwp%2Fv2%2Fmedia&parent=13728"}],"wp:term":[{"taxonomy":"category","embeddable":true,"href":"https:\/\/zonaroja.com.mx\/index.php?rest_route=%2Fwp%2Fv2%2Fcategories&post=13728"},{"taxonomy":"post_tag","embeddable":true,"href":"https:\/\/zonaroja.com.mx\/index.php?rest_route=%2Fwp%2Fv2%2Ftags&post=13728"}],"curies":[{"name":"wp","href":"https:\/\/api.w.org\/{rel}","templated":true}]}}