{"id":13732,"date":"2020-06-14T21:54:07","date_gmt":"2020-06-15T02:54:07","guid":{"rendered":"http:\/\/www.zonaroja.com.mx\/?p=13732"},"modified":"2020-06-14T21:54:11","modified_gmt":"2020-06-15T02:54:11","slug":"roban-vandalizan-agreden-a-la-prensa-y-huyen-anarcopunks","status":"publish","type":"post","link":"https:\/\/zonaroja.com.mx\/?p=13732","title":{"rendered":"Roban, vandalizan, agreden a la prensa y huyen \u201canarcopunks\u201d"},"content":{"rendered":"\n<p>Redacci\u00f3n\/Zona Roja.<\/p>\n\n\n\n<p>Oaxaca de Ju\u00e1rez, Oax., 14 de junio de 2020.- Medio centenar de j\u00f3venes conocidos como \u201canarkopunk\u201d cerraron la avenida Universidad de la ciudad de Oaxaca.<\/p>\n\n\n\n<p>Los manifestantes vandalizaron\ncomercios, robaron productos, agredieron a periodistas y no fueron molestados\npor la Polic\u00eda Municipal de Oaxaca de Ju\u00e1rez.<\/p>\n\n\n\n<p>Fue alrededor de las 16:00 horas de este domingo en que se concentraron frente a la sede de Ciudad Universitaria de la UABJO, pero de inmediato comenzaron las agresiones a la prensa cuando cubr\u00edan informativamente las actividades.<\/p>\n\n\n\n<figure class=\"wp-block-embed-twitter wp-block-embed is-type-rich is-provider-twitter\"><div class=\"wp-block-embed__wrapper\">\n<div class=\"twitter-tweet\"><blockquote class=\"twitter-tweet\" data-lang=\"es\"><p lang=\"es\" dir=\"ltr\"><a href=\"https:\/\/twitter.com\/hashtag\/%C3%9AltimoMinuto?src=hash&amp;ref_src=twsrc%5Etfw\">#\u00daltimoMinuto<\/a> <br>Personas de las denominadas \u201canarcopunk\u201d, impiden labor de medios de comunicaci\u00f3n y agreden a quienes cubre su movilizaci\u00f3n en la avenida Universidsd de la ciudad de <a href=\"https:\/\/twitter.com\/hashtag\/Oaxaca?src=hash&amp;ref_src=twsrc%5Etfw\">#Oaxaca<\/a>. <a href=\"https:\/\/twitter.com\/DDHPO?ref_src=twsrc%5Etfw\">@DDHPO<\/a> <a href=\"https:\/\/twitter.com\/CNDH?ref_src=twsrc%5Etfw\">@CNDH<\/a> <a href=\"https:\/\/t.co\/G73H3AElTr\">pic.twitter.com\/G73H3AElTr<\/a><\/p>&mdash; Zona Roja Oaxaca (@MexRoja) <a href=\"https:\/\/twitter.com\/MexRoja\/status\/1272283642346082304?ref_src=twsrc%5Etfw\">14 de junio de 2020<\/a><\/blockquote><\/div>\n<\/div><\/figure>\n\n\n\n<p>Manotazos y empujones para intentar\nquitarles los tel\u00e9fonos; tras ello, quemaron monigotes, se apoderaron de un\ncami\u00f3n del transporte urbano y comenzaron a causar vandalismo.<\/p>\n\n\n\n<p>De nueva cuenta, al ser grabados por\nlos periodistas, arremetieron contra ellos y les rociaron el qu\u00edmico de un\nextinguidor y amenazaron con golpearlos.<\/p>\n\n\n\n<p>Despu\u00e9s, retiraron lonas de la tienda Oxxo ubicada en la esquina del crucero de Cinco Se\u00f1ores; rompieron un vidrio de la sucursal bancaria Compartamos, as\u00ed como de un cajero autom\u00e1tico de Santander; igual que de la tienda \u201cPitic\u00f3\u201d, donde robaron diversos productos.<\/p>\n\n\n\n<figure class=\"wp-block-embed-twitter wp-block-embed is-type-rich is-provider-twitter\"><div class=\"wp-block-embed__wrapper\">\n<div class=\"twitter-tweet\"><blockquote class=\"twitter-tweet\" data-lang=\"es\"><p lang=\"es\" dir=\"ltr\"><a href=\"https:\/\/twitter.com\/hashtag\/%C3%9AltimoMinuto?src=hash&amp;ref_src=twsrc%5Etfw\">#\u00daltimoMinuto<\/a> <br>Los llamados \u201canarcopunk\u201d contin\u00faan agrediendo a la prensa en la avenida Universidad de la capital oaxaque\u00f1a y ahora destrozan comercios en la zona. <a href=\"https:\/\/twitter.com\/DDHPO?ref_src=twsrc%5Etfw\">@DDHPO<\/a> <a href=\"https:\/\/twitter.com\/CNDH?ref_src=twsrc%5Etfw\">@CNDH<\/a> <a href=\"https:\/\/twitter.com\/SSP_GobOax?ref_src=twsrc%5Etfw\">@SSP_GobOax<\/a> <a href=\"https:\/\/twitter.com\/MunicipioSeguro?ref_src=twsrc%5Etfw\">@MunicipioSeguro<\/a> <a href=\"https:\/\/t.co\/2fsE9SaETl\">pic.twitter.com\/2fsE9SaETl<\/a><\/p>&mdash; Zona Roja Oaxaca (@MexRoja) <a href=\"https:\/\/twitter.com\/MexRoja\/status\/1272291203115970561?ref_src=twsrc%5Etfw\">14 de junio de 2020<\/a><\/blockquote><\/div>\n<\/div><\/figure>\n\n\n\n<p>Pero en esta \u00faltima acci\u00f3n, uno de\nellos result\u00f3 lesionado al romper un vidrio, por lo cual optaron por la\nretirada, mientras elementos de la Polic\u00eda Vial y la Polic\u00eda Estatal comenzaban\na llegar en la zona.<\/p>\n\n\n\n<p>El argumento de los \u201canarcopunk\u201d fue conmemorar el fallido desalojo del 2006 hacia el magisterio de la Secci\u00f3n 22 del SNTE; no se reportaron detenciones.<\/p>\n\n\n\n<figure class=\"wp-block-embed-twitter wp-block-embed is-type-rich is-provider-twitter\"><div class=\"wp-block-embed__wrapper\">\n<div class=\"twitter-tweet\"><blockquote class=\"twitter-tweet\" data-lang=\"es\"><p lang=\"es\" dir=\"ltr\">Este fue otro momento de la agresi\u00f3n a <a href=\"https:\/\/twitter.com\/hashtag\/periodistas?src=hash&amp;ref_src=twsrc%5Etfw\">#periodistas<\/a>, ahora roci\u00e1ndoles un extintor, por parte de \u201canarcopunks\u201d que protestaron esta tarde en la avenida Universidad de la ciudad de <a href=\"https:\/\/twitter.com\/hashtag\/Oaxaca?src=hash&amp;ref_src=twsrc%5Etfw\">#Oaxaca<\/a>, adem\u00e1s de saquear negocios y vandalizar. <a href=\"https:\/\/t.co\/sb7kaok3T1\">pic.twitter.com\/sb7kaok3T1<\/a><\/p>&mdash; Zona Roja Oaxaca (@MexRoja) <a href=\"https:\/\/twitter.com\/MexRoja\/status\/1272349715808448514?ref_src=twsrc%5Etfw\">15 de junio de 2020<\/a><\/blockquote><\/div>\n<\/div><\/figure>\n","protected":false},"excerpt":{"rendered":"<p>Redacci\u00f3n\/Zona Roja. Oaxaca de Ju\u00e1rez, Oax., 14 de junio de 2020.- Medio centenar de j\u00f3venes&hellip;<\/p>\n","protected":false},"author":2,"featured_media":13733,"comment_status":"closed","ping_status":"open","sticky":false,"template":"","format":"standard","meta":{"_lmt_disableupdate":"","_lmt_disable":"","_jetpack_memberships_contains_paid_content":false,"footnotes":""},"categories":[109,47],"tags":[1757],"class_list":["post-13732","post","type-post","status-publish","format-standard","has-post-thumbnail","hentry","category-minuto-a-minuto","category-zona-gris","tag-oaxaca-anarcopunks"],"jetpack_featured_media_url":"https:\/\/zonaroja.com.mx\/wp-content\/uploads\/2020\/06\/Vandalismo-anarcos-1.jpg","jetpack_sharing_enabled":true,"_links":{"self":[{"href":"https:\/\/zonaroja.com.mx\/index.php?rest_route=\/wp\/v2\/posts\/13732","targetHints":{"allow":["GET"]}}],"collection":[{"href":"https:\/\/zonaroja.com.mx\/index.php?rest_route=\/wp\/v2\/posts"}],"about":[{"href":"https:\/\/zonaroja.com.mx\/index.php?rest_route=\/wp\/v2\/types\/post"}],"author":[{"embeddable":true,"href":"https:\/\/zonaroja.com.mx\/index.php?rest_route=\/wp\/v2\/users\/2"}],"replies":[{"embeddable":true,"href":"https:\/\/zonaroja.com.mx\/index.php?rest_route=%2Fwp%2Fv2%2Fcomments&post=13732"}],"version-history":[{"count":1,"href":"https:\/\/zonaroja.com.mx\/index.php?rest_route=\/wp\/v2\/posts\/13732\/revisions"}],"predecessor-version":[{"id":13734,"href":"https:\/\/zonaroja.com.mx\/index.php?rest_route=\/wp\/v2\/posts\/13732\/revisions\/13734"}],"wp:featuredmedia":[{"embeddable":true,"href":"https:\/\/zonaroja.com.mx\/index.php?rest_route=\/wp\/v2\/media\/13733"}],"wp:attachment":[{"href":"https:\/\/zonaroja.com.mx\/index.php?rest_route=%2Fwp%2Fv2%2Fmedia&parent=13732"}],"wp:term":[{"taxonomy":"category","embeddable":true,"href":"https:\/\/zonaroja.com.mx\/index.php?rest_route=%2Fwp%2Fv2%2Fcategories&post=13732"},{"taxonomy":"post_tag","embeddable":true,"href":"https:\/\/zonaroja.com.mx\/index.php?rest_route=%2Fwp%2Fv2%2Ftags&post=13732"}],"curies":[{"name":"wp","href":"https:\/\/api.w.org\/{rel}","templated":true}]}}