{"id":13735,"date":"2020-06-15T07:36:45","date_gmt":"2020-06-15T12:36:45","guid":{"rendered":"http:\/\/www.zonaroja.com.mx\/?p=13735"},"modified":"2020-06-15T07:42:38","modified_gmt":"2020-06-15T12:42:38","slug":"sigue-oaxaca-paralizada-preven-guelaguetza-hasta-diciembre","status":"publish","type":"post","link":"https:\/\/zonaroja.com.mx\/?p=13735","title":{"rendered":"Sigue Oaxaca paralizada por Covid; prev\u00e9n Guelaguetza hasta diciembre"},"content":{"rendered":"\n<p>Redacci\u00f3n\/Zona Roja.<\/p>\n\n\n\n<p>Oaxaca de Ju\u00e1rez, Oax., 15 de junio\nde 2020.- En tanto el ayuntamiento de Oaxaca de Ju\u00e1rez anunci\u00f3 la prolongaci\u00f3n\nde medidas de confinamiento hasta el 30 de junio en la capital, el Gobierno del\nEstado dio a conocer que la entidad se mantiene en sem\u00e1foro rojo y por lo tanto\ntambi\u00e9n la par\u00e1lisis en todas las actividades no esenciales.<\/p>\n\n\n\n<p>Asimismo, anunci\u00f3 que se evaluar\u00e1 iniciar en las pr\u00f3ximas semanas las actividades del sector tur\u00edstico y que la Guelaguetza se pospone hasta diciembre pr\u00f3ximo, siempre y cuando la contingencia sanitaria por Covid-19 lo permita.<\/p>\n\n\n\n<p>En un mensaje emitido anoche por\nvideo, el gobernador Alejandro Murat Hinojosa inform\u00f3 que Oaxaca se mantiene en\nsem\u00e1foro rojo y por lo tanto, cada semana se evaluar\u00e1 esta situaci\u00f3n para\ncontinuar con las medidas sanitarias.<\/p>\n\n\n\n<p>En tanto, \u00fanicamente se mantienen las\nactividades esenciales, incluyendo la miner\u00eda, la construcci\u00f3n y la planta\nindustrial.<\/p>\n\n\n\n<p>Adem\u00e1s, pidi\u00f3 a los titulares de Turismo\ny de Econom\u00eda, que se coordinen con el sector comercio, hotelero y\ngastron\u00f3mico, \u201cpara que puedan implementar los protocolos y en las pr\u00f3ximas semanas\nempiece una apertura gradual\u201d.<\/p>\n\n\n\n<p>Asimismo: \u201che decidido que se posponga\nla Guelaguetza y estaremos evaluando llevar a cabo actividades de Guelaguetza\nen el mes de diciembre, si el sem\u00e1foro permite eventos masivos\u201d.<\/p>\n\n\n\n<p>No obstante, pese a la pandemia y los\npicos alto de contagios por Covid, municipios como Santa Mar\u00eda Huatulco han\ndecidido comenzar a abrir las playas al turismo.<\/p>\n","protected":false},"excerpt":{"rendered":"<p>Redacci\u00f3n\/Zona Roja. Oaxaca de Ju\u00e1rez, Oax., 15 de junio de 2020.- En tanto el ayuntamiento&hellip;<\/p>\n","protected":false},"author":2,"featured_media":13736,"comment_status":"closed","ping_status":"open","sticky":false,"template":"","format":"standard","meta":{"_lmt_disableupdate":"","_lmt_disable":"","_jetpack_memberships_contains_paid_content":false,"footnotes":""},"categories":[109,47],"tags":[1512],"class_list":["post-13735","post","type-post","status-publish","format-standard","has-post-thumbnail","hentry","category-minuto-a-minuto","category-zona-gris","tag-coronavirus-oaxaca"],"jetpack_featured_media_url":"https:\/\/zonaroja.com.mx\/wp-content\/uploads\/2020\/06\/Centro-Hist\u00f3rico-Oaxaca-2.jpg","jetpack_sharing_enabled":true,"_links":{"self":[{"href":"https:\/\/zonaroja.com.mx\/index.php?rest_route=\/wp\/v2\/posts\/13735","targetHints":{"allow":["GET"]}}],"collection":[{"href":"https:\/\/zonaroja.com.mx\/index.php?rest_route=\/wp\/v2\/posts"}],"about":[{"href":"https:\/\/zonaroja.com.mx\/index.php?rest_route=\/wp\/v2\/types\/post"}],"author":[{"embeddable":true,"href":"https:\/\/zonaroja.com.mx\/index.php?rest_route=\/wp\/v2\/users\/2"}],"replies":[{"embeddable":true,"href":"https:\/\/zonaroja.com.mx\/index.php?rest_route=%2Fwp%2Fv2%2Fcomments&post=13735"}],"version-history":[{"count":2,"href":"https:\/\/zonaroja.com.mx\/index.php?rest_route=\/wp\/v2\/posts\/13735\/revisions"}],"predecessor-version":[{"id":13739,"href":"https:\/\/zonaroja.com.mx\/index.php?rest_route=\/wp\/v2\/posts\/13735\/revisions\/13739"}],"wp:featuredmedia":[{"embeddable":true,"href":"https:\/\/zonaroja.com.mx\/index.php?rest_route=\/wp\/v2\/media\/13736"}],"wp:attachment":[{"href":"https:\/\/zonaroja.com.mx\/index.php?rest_route=%2Fwp%2Fv2%2Fmedia&parent=13735"}],"wp:term":[{"taxonomy":"category","embeddable":true,"href":"https:\/\/zonaroja.com.mx\/index.php?rest_route=%2Fwp%2Fv2%2Fcategories&post=13735"},{"taxonomy":"post_tag","embeddable":true,"href":"https:\/\/zonaroja.com.mx\/index.php?rest_route=%2Fwp%2Fv2%2Ftags&post=13735"}],"curies":[{"name":"wp","href":"https:\/\/api.w.org\/{rel}","templated":true}]}}