{"id":13742,"date":"2020-06-15T08:37:04","date_gmt":"2020-06-15T13:37:04","guid":{"rendered":"http:\/\/www.zonaroja.com.mx\/?p=13742"},"modified":"2020-06-15T08:37:06","modified_gmt":"2020-06-15T13:37:06","slug":"central-de-abasto-un-mercado-de-promesas-municipales-y-estatales","status":"publish","type":"post","link":"https:\/\/zonaroja.com.mx\/?p=13742","title":{"rendered":"Central de Abasto, un mercado de promesas municipales y estatales"},"content":{"rendered":"\n<p>Ismael\nGarc\u00eda M.\/Zona Roja.<\/p>\n\n\n\n<p>Oaxaca\nde Ju\u00e1rez, Oax., 15 de junio de 2020.- La Central de Abasto de la ciudad de\nOaxaca s\u00f3lo ha servido como semillero de votos electorales y de explotaci\u00f3n;\nuna vez conseguido su prop\u00f3sito, los pol\u00edticos, de todos los partidos, se olvidan\nde comerciantes y usuarios.<\/p>\n\n\n\n<p>Hoy,\nes una miniciudad controlada por m\u00e1s de medio centenar de l\u00edderes, priistas,\nmorenistas y perredistas, que explotan a sus militantes; est\u00e1 plagado de\ndrogas, de \u201cnarcomenudeo\u201d; sus instalaciones de m\u00e1s de cuatro d\u00e9cadas se\nencuentran vetustas.<\/p>\n\n\n\n<p>La\ndelincuencia hace de las suyas a paciencia y complicidad de los polic\u00edas\nmunicipales; los indigentes se mueren a cada rato sin ayuda institucional\u2026 y\nlas autoridades, incluyendo las actuales, s\u00f3lo se la pasan en enga\u00f1os y promesas.<\/p>\n\n\n\n<p>Es\nahora una zona de alto riesgo por Covid-19 donde nadie acata las medidas del\ngobierno, donde se han contagiado y muerto comerciantes y polic\u00edas y los\nresponsables simulan sanitizaciones que en poco ayudan.<\/p>\n\n\n\n<p>CUATRO\nD\u00c9CADAS<\/p>\n\n\n\n<p>El\nmercado \u201cMargarita Maza de Ju\u00e1rez\u201d inici\u00f3 funciones en septiembre de 1978, con\nJes\u00fas Mart\u00ednez \u00c1lvarez como presidente municipal y Eliseo Jim\u00e9nez Ruiz, como\ngobernador.<\/p>\n\n\n\n<p>En\naquella \u00e9poca, Marcos Villanueva moviliz\u00f3 junto con do\u00f1a Genoveva Medina viuda\nde M\u00e1rquez, a los tianguistas que se encontraban en el centro de la ciudad para\nla Central de Abasto, cuando todo en la zona no era m\u00e1s que terrenos bald\u00edos.<\/p>\n\n\n\n<p>Durante\nlas primeras d\u00e9cadas concentr\u00f3 a unos cinco mil comerciantes en toda Central,\nlos cuales crecieron hasta 20 mil &#8211;para 2019&#8211; seg\u00fan la Federaci\u00f3n de\nMercados; entre vendedores y usuarios, llega a concentrar hasta 50 mil personas\nen d\u00edas fuertes como viernes y s\u00e1bado.<\/p>\n\n\n\n<p>Son al\nmenos 65 organizaciones las que se disputan el control del completo en sus\ndistintas \u00e1reas; alberga 60 bodegas. Diariamente se acumulan unas 100 toneladas\nde basura.<\/p>\n\n\n\n<p>Sigue\ncreciendo sin control, y ahora hasta con la construcci\u00f3n de \u201csegundos pisos\u201d en\nalgunas casetas, sin que supuestamente la autoridad no se d\u00e9 cuenta.<\/p>\n\n\n\n<p>A su\nalrededor concentra la movilidad de unos 15 mil transportista y 17 sitios de\ntaxis for\u00e1neos. En total, se calcula una movilidad diaria de 100 mil personas,\nincluyendo los usuarios de la Central Camionera de segunda clase, situada a un\ncostado.<\/p>\n\n\n\n<p>INSEGURIDAD\nLATENTE<\/p>\n\n\n\n<p>La Central\nde Abasto se ha coronado como uno de las zonas m\u00e1s inseguras en la capital del\nestado, as\u00ed reconocido por autoridades de los ayuntamientos municipales y la secretar\u00eda\nde Seguridad P\u00fablica del Estado.<\/p>\n\n\n\n<p>Al\nmenos por una d\u00e9cada, las autoridades municipales de la capital lo repiten,\npero no hay acciones, medidas, planes que abatan la situaci\u00f3n.<\/p>\n\n\n\n<p>La\nCentral de Abasto, foco rojo por narcomenudeo, prostituci\u00f3n, robos, abusos\ncontra las mujeres; pero, este a\u00f1o, se le dio un descalificativo m\u00e1s, es zona\nde alto riesgo de contagio de Covid-19.<\/p>\n\n\n\n<p>Ni\nlos Servicios de Salud de Oaxaca ni el edil de Oaxaca de Ju\u00e1rez, Oswaldo Garc\u00eda\nJarqu\u00edn, han dado datos precisos del n\u00famero de contagiados y fallecidos por\nCovid. En una entrevista radiof\u00f3nica, el alcalde deslind\u00f3 responsabilidades y\ns\u00f3lo ratific\u00f3 lo que dijo el entrevistador, que podr\u00eda haber al menos media\ndecena de fallecidos, incluyendo polic\u00edas municipales, y unos 200 contagiados.<\/p>\n\n\n\n<p>En\nlos a\u00f1os recientes, incursionaron sindicatos como CTM, CATEM y \u201cLibertad\u201d y las\ndisputas llegaron a los asesinatos, como el ocurrido hace un a\u00f1o, pese a la\nsupuesta presencia de polic\u00edas en la zona. La delincuencia organizada se\nentroniz\u00f3 ah\u00ed.<\/p>\n\n\n\n<p>\u00bfY\nLAS OBRAS?<\/p>\n\n\n\n<p>Durante\nel gobierno del panista Luis Ugartechea Begu\u00e9 se rehabilit\u00f3 la nave de bodegas\nde la Central, las cuales en 2015 se vinieron abajo tras una intensa lluvia.\nAs\u00ed tambi\u00e9n se ejecutaron obras de rehabilitaci\u00f3n e la zona h\u00fameda y en el\nmercado \u201cMargarita Maza\u201d.<\/p>\n\n\n\n<p>Con Javier\nVillaca\u00f1a Jim\u00e9nez, los locatarios reclamaban que l\u00edderes de la central vend\u00edan\nhasta los espacios en las banquetas, en complicidad con el gobierno municipal.<\/p>\n\n\n\n<p>En\njunio de 2016, se registr\u00f3 un incendio en el \u00e1rea de Tianguis, puerta 3, sector\n1 del Mercado de Abasto, que afect\u00f3 a 20 locales.<\/p>\n\n\n\n<p>En\n2017, el gobierno de Oaxaca de Ju\u00e1rez encabezado por Jos\u00e9 Antonio Hern\u00e1ndez\nFraguas, presumi\u00f3 de la liberaci\u00f3n de pasillos y vialidades, y en 2018, de\nfumigaci\u00f3n y descacharrizaci\u00f3n.<\/p>\n\n\n\n<p>Oswaldo\nGarc\u00eda Jarqu\u00edn tampoco ha hecho la diferencia. En febrero de 2019 public\u00f3 como\nlogro la poda de \u00e1rboles y el remarcado de las zonas de estacionamiento del\ncamell\u00f3n central de la principal vialidad de esta zona, pero fue todo.<\/p>\n\n\n\n<p>Supuestamente,\nrealizar\u00eda gestiones con la Comisi\u00f3n Federal de Electricidad (CFE) para&nbsp; revisar que las tomas de energ\u00eda.<\/p>\n\n\n\n<p>As\u00ed\ncomo el a\u00f1o anterior comenz\u00f3 con la rehabilitaci\u00f3n de techado en el Mercado de\nAbasto, de la Nave 3 de la zona de bodegas del Mercado de Abasto, de obras que\nno ten\u00edan m\u00e1s de un lustro de realizadas.<\/p>\n\n\n\n<p>Al\ninicio de su gobierno Murat desliz\u00f3 que se podr\u00edan construir nuevas instalaciones\ny mover la Central de Abasto a la zona metropolitana, lo que irrit\u00f3 a los\ncomerciantes.<\/p>\n\n\n\n<p>Justamente\nhace un a\u00f1o, el 14 de junio, el gobierno de Alejandro Murat anunci\u00f3 un \u201cmanotazo\u201d\ny la recuperaci\u00f3n de los playones del r\u00edo \u201cAtoyac\u201d, que ya estaba en poder de\ntransportistas, entre ellos la CTM, que incluso ya hab\u00eda asentado oficinas.<\/p>\n\n\n\n<p>Otros\nm\u00e1s usufructuaban los terrenos para estacionamiento, unos m\u00e1s para bodegas,\notros instalaron sus casas y unos m\u00e1s expend\u00edan sus productos.<\/p>\n\n\n\n<p>\u201cVa a\nhaber m\u00f3dulos de seguridad, canchas deportivas, \u00e1reas de esparcimiento\u2026\u201d,\nfueron las promesas de Murat Hinojosa, acompa\u00f1ado de Oswaldo Garc\u00eda Jarqu\u00edn.<\/p>\n\n\n\n<p>Incluso\nllev\u00f3 a los titulares de la Fiscal\u00eda General del Estado y de la Secretar\u00eda de\nSeguridad P\u00fablica, para que se comprometieran a garantizar el orden.<\/p>\n\n\n\n<p>Se\ncolocaron al menos cuatro m\u00f3dulos provisionales para polic\u00edas; por un mes\nestuvo una unidad especial de la Fiscal\u00eda y fue retirada; los uniformados se\nretiraron paulatinamente y hoy s\u00f3lo es un terreno bald\u00edo, sin obras y sin nada.<\/p>\n\n\n\n<p>M\u00c1S\nENGA\u00d1OS<\/p>\n\n\n\n<p>Este\na\u00f1o, el 27 de mayo, el mercado \u201cMagarita Maza\u201d sufri\u00f3 de un incendio que afect\u00f3\na unos 150 establecimientos, pero los usuarios s\u00f3lo recibieron promesas.<\/p>\n\n\n\n<p>Al\nd\u00eda siguiente, por cinco minutos, sin entrar a la zona siniestrada y s\u00f3lo para\ntomarse la foto, el gobernador prometi\u00f3 ante el presidente municipal un apoyo\nde 100 millones de pesos para obras de rehabilitaci\u00f3n.<\/p>\n\n\n\n<p>Pero\neran ya 137.8 millones de pesos presupuestados desde octubre del a\u00f1o pasado,\ncomo parte del empr\u00e9stito de tres mil 500 millones de pesos que le autoriz\u00f3 el\nCongreso del Estado. A casi un mes de los hechos, no hay ni obras ni\nrehabilitaci\u00f3n ni atenci\u00f3n a los damnificados.<\/p>\n\n\n\n<p>\u00bfCu\u00e1l\nes el destino de la Central de Abasto? La misma historia de siempre:\ncorrupci\u00f3n, inseguridad, prostituci\u00f3n, promesas, inseguridad\u2026 y otra vez uso\nelectoral de la gente en la zona, con los 100 millones de pesos que se\ninvertir\u00e1n, obras que estar\u00e1n terminando justo antes de las elecciones del\npr\u00f3ximo a\u00f1o.<\/p>\n","protected":false},"excerpt":{"rendered":"<p>Ismael Garc\u00eda M.\/Zona Roja. Oaxaca de Ju\u00e1rez, Oax., 15 de junio de 2020.- La Central&hellip;<\/p>\n","protected":false},"author":2,"featured_media":7610,"comment_status":"closed","ping_status":"open","sticky":false,"template":"","format":"standard","meta":{"_lmt_disableupdate":"","_lmt_disable":"","_jetpack_memberships_contains_paid_content":false,"footnotes":""},"categories":[456,109,48],"tags":[1353],"class_list":["post-13742","post","type-post","status-publish","format-standard","has-post-thumbnail","hentry","category-columna","category-minuto-a-minuto","category-zona-critica","tag-opinion-zona-critica"],"jetpack_featured_media_url":"https:\/\/zonaroja.com.mx\/wp-content\/uploads\/2020\/01\/Opini\u00f3n-Zona-Cr\u00edtica.jpg","jetpack_sharing_enabled":true,"_links":{"self":[{"href":"https:\/\/zonaroja.com.mx\/index.php?rest_route=\/wp\/v2\/posts\/13742","targetHints":{"allow":["GET"]}}],"collection":[{"href":"https:\/\/zonaroja.com.mx\/index.php?rest_route=\/wp\/v2\/posts"}],"about":[{"href":"https:\/\/zonaroja.com.mx\/index.php?rest_route=\/wp\/v2\/types\/post"}],"author":[{"embeddable":true,"href":"https:\/\/zonaroja.com.mx\/index.php?rest_route=\/wp\/v2\/users\/2"}],"replies":[{"embeddable":true,"href":"https:\/\/zonaroja.com.mx\/index.php?rest_route=%2Fwp%2Fv2%2Fcomments&post=13742"}],"version-history":[{"count":1,"href":"https:\/\/zonaroja.com.mx\/index.php?rest_route=\/wp\/v2\/posts\/13742\/revisions"}],"predecessor-version":[{"id":13743,"href":"https:\/\/zonaroja.com.mx\/index.php?rest_route=\/wp\/v2\/posts\/13742\/revisions\/13743"}],"wp:featuredmedia":[{"embeddable":true,"href":"https:\/\/zonaroja.com.mx\/index.php?rest_route=\/wp\/v2\/media\/7610"}],"wp:attachment":[{"href":"https:\/\/zonaroja.com.mx\/index.php?rest_route=%2Fwp%2Fv2%2Fmedia&parent=13742"}],"wp:term":[{"taxonomy":"category","embeddable":true,"href":"https:\/\/zonaroja.com.mx\/index.php?rest_route=%2Fwp%2Fv2%2Fcategories&post=13742"},{"taxonomy":"post_tag","embeddable":true,"href":"https:\/\/zonaroja.com.mx\/index.php?rest_route=%2Fwp%2Fv2%2Ftags&post=13742"}],"curies":[{"name":"wp","href":"https:\/\/api.w.org\/{rel}","templated":true}]}}