{"id":13744,"date":"2020-06-15T08:39:09","date_gmt":"2020-06-15T13:39:09","guid":{"rendered":"http:\/\/www.zonaroja.com.mx\/?p=13744"},"modified":"2020-06-15T08:39:11","modified_gmt":"2020-06-15T13:39:11","slug":"omision-de-fiscal-ruben-vasconcelos-en-aplicaciones-de-leyes-horacio-sosa","status":"publish","type":"post","link":"https:\/\/zonaroja.com.mx\/?p=13744","title":{"rendered":"Omisi\u00f3n de Fiscal Rub\u00e9n Vasconcelos en aplicaciones de leyes: Horacio Sosa"},"content":{"rendered":"\n<p>Yuridiana\nSosa\/ Zona Roja<\/p>\n\n\n\n<p>Oaxaca\nde Ju\u00e1rez, Oax., 15 de junio de 2020.- Los asesinatos de dos j\u00f3venes, en la\nCuenca y Valles Centrales, en manos de la Polic\u00eda Municipal son la evidencia de\nque la Fiscal\u00eda General de Oaxaca est\u00e1 omitiendo las leyes en la entidad para\naplicar la justicia, sentenci\u00f3 el presidente de la Junta de Coordinaci\u00f3n\nPol\u00edtica de la 64 Legislatura, Horacio Sosa Villavicencio.<\/p>\n\n\n\n<p>Los\nhechos ocurridos ponen en alerta m\u00e1xima al Congreso de Oaxaca para la\nvigilancia del actuar del fiscal Rub\u00e9n Vasconcelos.&nbsp; \u201cEl fiscal es omiso a lo que pasa en Oaxaca\u201d,\nindic\u00f3 el legislador al recalcar que cada vez son m\u00e1s las voces de las\norganizaciones en la entidad y de la sociedad en general las que exigen\njusticia.<\/p>\n\n\n\n<p>El\nprimer suceso lamentable se registr\u00f3 en el mes de mayo en San Pablo Huitzo,\ndonde un joven perdi\u00f3 la vida golpeado por la poblaci\u00f3n con la presunta\ncomplicidad de autoridades municipales y de la Polic\u00eda.<\/p>\n\n\n\n<p>Mientras\nque el m\u00e1s reciente contra el joven Alexander de 16 a\u00f1os, en Acatl\u00e1n de P\u00e9rez\nFigueroa el pasado 9 de junio, cuando fue atacado a balazos con una escopeta\npor parte de la Polic\u00eda Municipal.<\/p>\n\n\n\n<p>\u201cEl\nfiscal es omiso a lo que pasa en Oaxaca\u201d, indic\u00f3 el legislador al recalcar que\ncada vez son m\u00e1s las voces de las organizaciones en la entidad y de la sociedad\nen general las que exigen justicia.<\/p>\n\n\n\n<p>Sosa\nVillavicencio se\u00f1al\u00f3 que las comisiones de Derechos Humanos y de Administraci\u00f3n\nde Procuraci\u00f3n de Justicia se mantendr\u00e1n pendientes que Rub\u00e9n Vasconcelos al\nmando de la Fiscal\u00eda de Oaxaca act\u00fae de forma eficaz en estos casos.<\/p>\n\n\n\n<p>As\u00ed\ntambi\u00e9n, la 64 Legislatura de Oaxaca se ocupar\u00e1 de lo que sucede con las\nautoridades municipales, en espec\u00edfico de los presidentes, quienes tambi\u00e9n\npresentan un aumento importante en denuncias de abuso de autoridad.<\/p>\n\n\n\n<p>Horacio\nSosa se\u00f1al\u00f3 irresponsabilidad de las autoridades municipales para la\ncontrataci\u00f3n de sus elementos policiales, que en decenas de los casos se han\nevidenciado estar involucrados en la delincuencia organizado, pero se logran\ninfiltrar en la Polic\u00eda por medio de favores.<\/p>\n","protected":false},"excerpt":{"rendered":"<p>Yuridiana Sosa\/ Zona Roja Oaxaca de Ju\u00e1rez, Oax., 15 de junio de 2020.- Los asesinatos&hellip;<\/p>\n","protected":false},"author":2,"featured_media":12165,"comment_status":"closed","ping_status":"open","sticky":false,"template":"","format":"standard","meta":{"_lmt_disableupdate":"","_lmt_disable":"","_jetpack_memberships_contains_paid_content":false,"footnotes":""},"categories":[109,47],"tags":[444],"class_list":["post-13744","post","type-post","status-publish","format-standard","has-post-thumbnail","hentry","category-minuto-a-minuto","category-zona-gris","tag-horacio-sosa-villavicencio"],"jetpack_featured_media_url":"https:\/\/zonaroja.com.mx\/wp-content\/uploads\/2020\/05\/Diputado-Horacio-SosaVillavicencio-presidente-de-la-Juntade-Coordinaci\u00f3n-Pol\u00edtica-Jucopo-del-Congreso-Local.jpg","jetpack_sharing_enabled":true,"_links":{"self":[{"href":"https:\/\/zonaroja.com.mx\/index.php?rest_route=\/wp\/v2\/posts\/13744","targetHints":{"allow":["GET"]}}],"collection":[{"href":"https:\/\/zonaroja.com.mx\/index.php?rest_route=\/wp\/v2\/posts"}],"about":[{"href":"https:\/\/zonaroja.com.mx\/index.php?rest_route=\/wp\/v2\/types\/post"}],"author":[{"embeddable":true,"href":"https:\/\/zonaroja.com.mx\/index.php?rest_route=\/wp\/v2\/users\/2"}],"replies":[{"embeddable":true,"href":"https:\/\/zonaroja.com.mx\/index.php?rest_route=%2Fwp%2Fv2%2Fcomments&post=13744"}],"version-history":[{"count":1,"href":"https:\/\/zonaroja.com.mx\/index.php?rest_route=\/wp\/v2\/posts\/13744\/revisions"}],"predecessor-version":[{"id":13745,"href":"https:\/\/zonaroja.com.mx\/index.php?rest_route=\/wp\/v2\/posts\/13744\/revisions\/13745"}],"wp:featuredmedia":[{"embeddable":true,"href":"https:\/\/zonaroja.com.mx\/index.php?rest_route=\/wp\/v2\/media\/12165"}],"wp:attachment":[{"href":"https:\/\/zonaroja.com.mx\/index.php?rest_route=%2Fwp%2Fv2%2Fmedia&parent=13744"}],"wp:term":[{"taxonomy":"category","embeddable":true,"href":"https:\/\/zonaroja.com.mx\/index.php?rest_route=%2Fwp%2Fv2%2Fcategories&post=13744"},{"taxonomy":"post_tag","embeddable":true,"href":"https:\/\/zonaroja.com.mx\/index.php?rest_route=%2Fwp%2Fv2%2Ftags&post=13744"}],"curies":[{"name":"wp","href":"https:\/\/api.w.org\/{rel}","templated":true}]}}