{"id":13747,"date":"2020-06-15T11:40:48","date_gmt":"2020-06-15T16:40:48","guid":{"rendered":"https:\/\/www.zonaroja.com.mx\/?p=13747"},"modified":"2020-06-15T14:49:44","modified_gmt":"2020-06-15T19:49:44","slug":"repartidores-motorizados-denuncian-aumento-de-inseguridad-en-oaxaca","status":"publish","type":"post","link":"https:\/\/zonaroja.com.mx\/?p=13747","title":{"rendered":"Repartidores motorizados denuncian aumento de inseguridad en Oaxaca"},"content":{"rendered":"\n<p>Evlin Arag\u00f3n\/Zona Roja.&nbsp;<\/p>\n\n\n\n<p>Oaxaca de Ju\u00e1rez, Oax., 15 de junio de 2020.-&nbsp;\u201cSalgo a trabajar, no a que me robes\u201d, \u201cYo salgo para que t\u00fa no te exponga\u201d, \u201cS\u00f3lo queremos m\u00e1s seguridad, a ti tambi\u00e9n te conviene\u201d.<\/p>\n\n\n\n<p>Son parte de las consignas expuestas en cartulinas por una veintena de j\u00f3venes repartidores en motocicleta de alimentos y productos, quienes&nbsp;<a href=\"\/\/0\">este&nbsp;<\/a>lunes realizaron&nbsp;una rodada en la capital para exigir mayor seguridad.<\/p>\n\n\n\n<p>Se trata de una protesta anunciada desde ayer, en la que denunciaron los altos \u00edndices de inseguridad que se viven en la capital de Oaxaca, ya que en los \u00faltimos quince d\u00edas se han enfrentado a por los menos a diez intentos de asaltos del producto que transportan y de su motocicleta.<\/p>\n\n\n\n<p>De forma pac\u00edfica y sin reclamos espec\u00edficos a alguna autoridad en particular, el grupo de j\u00f3venes explic\u00f3 que durante la contingencia se han visto en la necesidad de buscar otras opciones de trabajo, siendo la repartici\u00f3n de alimentos y productos una de ellas, sin embargo, actualmente ya implica un riesgo para su integridad f\u00edsica.<\/p>\n\n\n\n<figure class=\"wp-block-embed-twitter wp-block-embed is-type-rich is-provider-twitter\"><div class=\"wp-block-embed__wrapper\">\n<div class=\"twitter-tweet\"><blockquote class=\"twitter-tweet\" data-lang=\"es\"><p lang=\"es\" dir=\"ltr\"><a href=\"https:\/\/twitter.com\/hashtag\/OaxacaGris?src=hash&amp;ref_src=twsrc%5Etfw\">#OaxacaGris<\/a><br>As\u00ed fue hoy el inicio de la rodada de ciclistas y motociclistas repartidores de productos, ante la ola de inseguridad que padecen en la ciudad de <a href=\"https:\/\/twitter.com\/hashtag\/Oaxaca?src=hash&amp;ref_src=twsrc%5Etfw\">#Oaxaca<\/a>. <a href=\"https:\/\/twitter.com\/MunicipioOaxaca?ref_src=twsrc%5Etfw\">@MunicipioOaxaca<\/a> <a href=\"https:\/\/twitter.com\/oswaldogarciaj?ref_src=twsrc%5Etfw\">@oswaldogarciaj<\/a> <a href=\"https:\/\/twitter.com\/MunicipioSeguro?ref_src=twsrc%5Etfw\">@MunicipioSeguro<\/a> <a href=\"https:\/\/twitter.com\/YescasIsidoro?ref_src=twsrc%5Etfw\">@YescasIsidoro<\/a> <a href=\"https:\/\/t.co\/QeOBJxIh3v\">pic.twitter.com\/QeOBJxIh3v<\/a><\/p>&mdash; Zona Roja Oaxaca (@MexRoja) <a href=\"https:\/\/twitter.com\/MexRoja\/status\/1272556656316964864?ref_src=twsrc%5Etfw\">15 de junio de 2020<\/a><\/blockquote><\/div>\n<\/div><\/figure>\n\n\n\n<p>Alejandro, vocero del grupo, refiri\u00f3 que contrario a lo que se pudiera pensar, son el Centro Hist\u00f3rico y la colonia Reforma los lugares en los que se han registrado m\u00e1s casos de robo a mano armada y con violencia, por lo que tambi\u00e9n alertaron a la ciudadan\u00eda al respecto.<\/p>\n\n\n\n<p>As\u00ed mismo explic\u00f3 que se trata de repartidores de cinco empresas, no s\u00f3lo Uber Eats sino otras m\u00e1s de car\u00e1cter local, ya que la crisis de seguridad la enfrentan por igual y sin ning\u00fan tipo de distinci\u00f3n durante esta pandemia.&nbsp;&nbsp;<\/p>\n\n\n\n<p>Dado que los asaltos en motocicleta se han incrementado en la ciudad, los j\u00f3venes ya buscan la manera de identificarse mejor para evitar ser confundidos por la poblaci\u00f3n, ya que muchas veces los delincuentes tambi\u00e9n roban las mochilas que los caracterizan y les dan un mal uso.<\/p>\n\n\n\n<p>La rodada parti\u00f3 de la calle de Derechos Humanos hacia la fuente de las Ocho Regiones, en donde reiteraron su petici\u00f3n de mayor seguridad, para luego trasladarse al centro de la ciudad para evidenciar la problem\u00e1tica a la que se enfrentan en estos momentos<\/p>\n","protected":false},"excerpt":{"rendered":"<p>Evlin Arag\u00f3n\/Zona Roja.&nbsp; Oaxaca de Ju\u00e1rez, Oax., 15 de junio de 2020.-&nbsp;\u201cSalgo a trabajar, no&hellip;<\/p>\n","protected":false},"author":2,"featured_media":13746,"comment_status":"closed","ping_status":"open","sticky":false,"template":"","format":"standard","meta":{"_lmt_disableupdate":"","_lmt_disable":"","_jetpack_memberships_contains_paid_content":false,"footnotes":""},"categories":[109,47],"tags":[148],"class_list":["post-13747","post","type-post","status-publish","format-standard","has-post-thumbnail","hentry","category-minuto-a-minuto","category-zona-gris","tag-oaxaca-de-juarez"],"jetpack_featured_media_url":"https:\/\/zonaroja.com.mx\/wp-content\/uploads\/2020\/06\/612d2efa-413a-455d-9e3c-97e1f777fdb2.jpg","jetpack_sharing_enabled":true,"_links":{"self":[{"href":"https:\/\/zonaroja.com.mx\/index.php?rest_route=\/wp\/v2\/posts\/13747","targetHints":{"allow":["GET"]}}],"collection":[{"href":"https:\/\/zonaroja.com.mx\/index.php?rest_route=\/wp\/v2\/posts"}],"about":[{"href":"https:\/\/zonaroja.com.mx\/index.php?rest_route=\/wp\/v2\/types\/post"}],"author":[{"embeddable":true,"href":"https:\/\/zonaroja.com.mx\/index.php?rest_route=\/wp\/v2\/users\/2"}],"replies":[{"embeddable":true,"href":"https:\/\/zonaroja.com.mx\/index.php?rest_route=%2Fwp%2Fv2%2Fcomments&post=13747"}],"version-history":[{"count":2,"href":"https:\/\/zonaroja.com.mx\/index.php?rest_route=\/wp\/v2\/posts\/13747\/revisions"}],"predecessor-version":[{"id":13753,"href":"https:\/\/zonaroja.com.mx\/index.php?rest_route=\/wp\/v2\/posts\/13747\/revisions\/13753"}],"wp:featuredmedia":[{"embeddable":true,"href":"https:\/\/zonaroja.com.mx\/index.php?rest_route=\/wp\/v2\/media\/13746"}],"wp:attachment":[{"href":"https:\/\/zonaroja.com.mx\/index.php?rest_route=%2Fwp%2Fv2%2Fmedia&parent=13747"}],"wp:term":[{"taxonomy":"category","embeddable":true,"href":"https:\/\/zonaroja.com.mx\/index.php?rest_route=%2Fwp%2Fv2%2Fcategories&post=13747"},{"taxonomy":"post_tag","embeddable":true,"href":"https:\/\/zonaroja.com.mx\/index.php?rest_route=%2Fwp%2Fv2%2Ftags&post=13747"}],"curies":[{"name":"wp","href":"https:\/\/api.w.org\/{rel}","templated":true}]}}