{"id":13749,"date":"2020-06-15T14:38:44","date_gmt":"2020-06-15T19:38:44","guid":{"rendered":"http:\/\/www.zonaroja.com.mx\/?p=13749"},"modified":"2020-06-15T14:40:58","modified_gmt":"2020-06-15T19:40:58","slug":"protestan-por-nomasfeminicidios-en-tuxtepec-y-por-asesinato-de-alexander-en-acatlan","status":"publish","type":"post","link":"https:\/\/zonaroja.com.mx\/?p=13749","title":{"rendered":"Protestan por #NoM\u00e1sFeminicidios en Tuxtepec y por asesinato de Alexander en Acatl\u00e1n"},"content":{"rendered":"\n<p>Yuridiana\nSosa\/Zona Roja. <\/p>\n\n\n\n<p>Oaxaca\nde Ju\u00e1rez, Oax., 15 de junio de 2020.- En la regi\u00f3n Cuenca de Oaxaca, se realizaron\neste lunes protestas para exigir justicia por la serie de desapariciones y\nfeminicidios en Tuxtepec, as\u00ed como por el asesinato de Alexander a manos de la\nPolic\u00eda Municipal de Acatl\u00e1n, respectivamente.<\/p>\n\n\n\n<p>Integrantes\ndel Colectivo Tux-Fem y familiares de la joven Itzel Gonz\u00e1lez realizaron una movilizaci\u00f3n\npac\u00edfica en el monumento \u201cFlor de Pi\u00f1a\u201d, en el crucero vial del bulevar Benito\nJu\u00e1rez, Plan de Tuxtepec y avenida 5 de Mayo de San Juan Bautista Tuxtepec, a\ndos meses de su desaparici\u00f3n.<\/p>\n\n\n\n<p>La\nfamilia de Itzel no ha recibido mayor informaci\u00f3n sobre la localizaci\u00f3n de la\njoven de 21 a\u00f1os de edad, quien sali\u00f3 de casa el pasado 14 de abril, pero nunca\nregres\u00f3 y aunque existe un detenido como presunto responsable desde hace varias\nsemanas, no hay avances en las investigaciones.<\/p>\n\n\n\n<p>La\nprotesta tuvo origen tras la confirmaci\u00f3n por parte de familiares, que uno de\nlos cuerpos enterrados en un predio en la comunidad de Zacate Colorado\npertenec\u00eda a la joven F\u00e1tima Palacios, desparecida el 2 de marzo y luego de la\ndetenci\u00f3n de un probable responsable de la desaparici\u00f3n de Casandra el 6 de\nmayo.<\/p>\n\n\n\n<p>Con\nla representaci\u00f3n de un ata\u00fad y un cart\u00f3n con la leyenda \u201cNos siguen matando,\nbasta de impunidad\u201d, las activistas feministas reclamaron a la Fiscal\u00eda General\ndel Estado de Oaxaca el abandono por la aplicaci\u00f3n de justicia en decenas de\ncasos en la entidad y en especial, en Tuxtepec.<\/p>\n\n\n\n<p>\u201cLa\nley no nos protege y nadie est\u00e1 haciendo nada\u201d, gritaron a trav\u00e9s del altavoz,\nas\u00ed como invitaron a la sociedad a no callar por las injusticias e inseguridad que\natemoriza a la poblaci\u00f3n tuxtepecana.<\/p>\n\n\n\n<p>Aunque\nel calor del sol fue intenso&nbsp; desde las\nprimeras horas de la ma\u00f1ana, las activistas indicaron que \u201cen nombre de todas\nla ni\u00f1as y mujeres, vamos a estar aqu\u00ed\u201d, por el tiempo que sea necesario. <\/p>\n\n\n\n<p>JUSTICIA\nPOR ALEXANDER <\/p>\n\n\n\n<p>Por\notra parte, en el municipio de Acatl\u00e1n de P\u00e9rez Figueroa no cesan las\nmanifestaciones tras el asesinato de Alexander Mart\u00ednez G\u00f3mez por disparo de\nuna escopeta parte de un elemento de la Polic\u00eda Municipal el pasado 9 de junio.<\/p>\n\n\n\n<p>Acompa\u00f1ados\nde familiares y decenas de personas de la comunidad, los padres de \u201cChander\u201d se\nmovilizaron para exigir justicia y la intervenci\u00f3n del presidente Andr\u00e9s Manuel\nL\u00f3pez Obrador.<\/p>\n\n\n\n<p>A la\nprotesta, que comenz\u00f3 en el acceso a la poblaci\u00f3n, se unieron otras familias de\nj\u00f3venes desaparecidos, o detenidos injustamente por delitos sembrados, as\u00ed como\nde otros asesinados; algunas madres y padres de las v\u00edctimas se\u00f1alaron ser de\nmunicipios vecinos de Veracruz, pero que en su paso por Acatl\u00e1n fueron desaparecidos.\n<\/p>\n\n\n\n<p>\u201cSon\nuna basura, t\u00fa eres el autor intelectual de todo esto, primero me muero antes\nque tu salgas libre\u201d, fue el mensaje de don Teodoro Mart\u00ednez, para el\npresidente de Acatl\u00e1n, el panista Ad\u00e1n Maciel.<\/p>\n\n\n\n<p>Con\nenojo y desvividos en reclamos e insultos contra el edil panista, los\ninconformes se dirigieron en marcha hacia el palacio municipal, donde continu\u00f3\nla exigencia de justicia.<\/p>\n","protected":false},"excerpt":{"rendered":"<p>Yuridiana Sosa\/Zona Roja. Oaxaca de Ju\u00e1rez, Oax., 15 de junio de 2020.- En la regi\u00f3n&hellip;<\/p>\n","protected":false},"author":2,"featured_media":13752,"comment_status":"closed","ping_status":"open","sticky":false,"template":"","format":"standard","meta":{"_lmt_disableupdate":"","_lmt_disable":"","_jetpack_memberships_contains_paid_content":false,"footnotes":""},"categories":[109,47],"tags":[118],"class_list":["post-13749","post","type-post","status-publish","format-standard","has-post-thumbnail","hentry","category-minuto-a-minuto","category-zona-gris","tag-san-juan-bautista-tuxtepec"],"jetpack_featured_media_url":"https:\/\/zonaroja.com.mx\/wp-content\/uploads\/2020\/06\/Protesta-feminicidios-Tuxtepec.jpg","jetpack_sharing_enabled":true,"_links":{"self":[{"href":"https:\/\/zonaroja.com.mx\/index.php?rest_route=\/wp\/v2\/posts\/13749","targetHints":{"allow":["GET"]}}],"collection":[{"href":"https:\/\/zonaroja.com.mx\/index.php?rest_route=\/wp\/v2\/posts"}],"about":[{"href":"https:\/\/zonaroja.com.mx\/index.php?rest_route=\/wp\/v2\/types\/post"}],"author":[{"embeddable":true,"href":"https:\/\/zonaroja.com.mx\/index.php?rest_route=\/wp\/v2\/users\/2"}],"replies":[{"embeddable":true,"href":"https:\/\/zonaroja.com.mx\/index.php?rest_route=%2Fwp%2Fv2%2Fcomments&post=13749"}],"version-history":[{"count":1,"href":"https:\/\/zonaroja.com.mx\/index.php?rest_route=\/wp\/v2\/posts\/13749\/revisions"}],"predecessor-version":[{"id":13750,"href":"https:\/\/zonaroja.com.mx\/index.php?rest_route=\/wp\/v2\/posts\/13749\/revisions\/13750"}],"wp:featuredmedia":[{"embeddable":true,"href":"https:\/\/zonaroja.com.mx\/index.php?rest_route=\/wp\/v2\/media\/13752"}],"wp:attachment":[{"href":"https:\/\/zonaroja.com.mx\/index.php?rest_route=%2Fwp%2Fv2%2Fmedia&parent=13749"}],"wp:term":[{"taxonomy":"category","embeddable":true,"href":"https:\/\/zonaroja.com.mx\/index.php?rest_route=%2Fwp%2Fv2%2Fcategories&post=13749"},{"taxonomy":"post_tag","embeddable":true,"href":"https:\/\/zonaroja.com.mx\/index.php?rest_route=%2Fwp%2Fv2%2Ftags&post=13749"}],"curies":[{"name":"wp","href":"https:\/\/api.w.org\/{rel}","templated":true}]}}