{"id":13754,"date":"2020-06-15T15:07:23","date_gmt":"2020-06-15T20:07:23","guid":{"rendered":"http:\/\/www.zonaroja.com.mx\/?p=13754"},"modified":"2020-06-15T15:07:29","modified_gmt":"2020-06-15T20:07:29","slug":"otro-conflicto-por-sanitizacion-ahora-en-san-dionisio-ocotepec","status":"publish","type":"post","link":"https:\/\/zonaroja.com.mx\/?p=13754","title":{"rendered":"Otro conflicto por sanitizaci\u00f3n, ahora en San Dionisio Ocotepec"},"content":{"rendered":"\n<p>Yuridiana\nSosa\/Zona Roja.<\/p>\n\n\n\n<p>Oaxaca\nde Ju\u00e1rez, Oax., 15 de junio de 2020.- Habitantes del municipio de San Dionisio\nOcotepec, en la regi\u00f3n de Valles Centrales de Oaxaca, se enfrentaron a golpes\ncon la Polic\u00eda Municipal para impedir la desinfecci\u00f3n de calles.<\/p>\n\n\n\n<p>Cientos\nde pobladores se reunieron el domingo en la explanada municipal y frente al\npalacio municipal, en rechazo a la sanitizaci\u00f3n que se llevar\u00eda en ese lugar,\nque acumula tres casos confirmados de Covid-19 y una defunci\u00f3n.<\/p>\n\n\n\n<p>Hombres y mujeres, algunos con cubreboca, enardecieron ante la acci\u00f3n que, aseguraron, se realiza con l\u00edquidos que afectan su salud y no quieren permitir que m\u00e1s vecinos resulten afectados.<\/p>\n\n\n\n<figure class=\"wp-block-embed-twitter wp-block-embed is-type-rich is-provider-twitter\"><div class=\"wp-block-embed__wrapper\">\n<div class=\"twitter-tweet\"><blockquote class=\"twitter-tweet\" data-lang=\"es\"><p lang=\"es\" dir=\"ltr\"><a href=\"https:\/\/twitter.com\/hashtag\/Qu%C3%A9dateEnCasaYa?src=hash&amp;ref_src=twsrc%5Etfw\">#Qu\u00e9dateEnCasaYa<\/a><br>Pobladores de San Dionisio Ocotepec, <a href=\"https:\/\/twitter.com\/hashtag\/Oaxaca?src=hash&amp;ref_src=twsrc%5Etfw\">#Oaxaca<\/a>, recriminaron con violencia ayer a las autoridades, acciones de sanitizaci\u00f3n que pretend\u00edan realizar para evitar contagios por Covid-19; al final lograron su prop\u00f3sito de impedir las labores sanitarias. <a href=\"https:\/\/t.co\/LBFMJZ1m8b\">pic.twitter.com\/LBFMJZ1m8b<\/a><\/p>&mdash; Zona Roja Oaxaca (@MexRoja) <a href=\"https:\/\/twitter.com\/MexRoja\/status\/1272520926287073280?ref_src=twsrc%5Etfw\">15 de junio de 2020<\/a><\/blockquote><\/div>\n<\/div><\/figure>\n\n\n\n<p>Los\ninconformes agredieron a los elementos municipales con palos y a manotazos, lo\nque concluy\u00f3 con el saldo de un elemento municipal con un golpe en la cabeza,\nquien se resguardo en la comandancia.<\/p>\n\n\n\n<p>La\nmanifestaci\u00f3n de ese municipio del distrito de Tlacolula se suma a otras dos\ntambi\u00e9n en la regi\u00f3n de Valles Centrales. La primera registrada en el San\nAntonio de la Cal, donde retuvieron al personal de los Servicios de Salud de\nOaxaca (SSO).<\/p>\n\n\n\n<p>Posterior\na esos hechos en los que intervino la Polic\u00eda Estatal, en una colonia del\nmunicipio de Santa Cruz Xoxocotl\u00e1n tambi\u00e9n impidieron la desinfecci\u00f3n de calles\ncon el argumento que los l\u00edquidos transmiten en Covid-19.<\/p>\n","protected":false},"excerpt":{"rendered":"<p>Yuridiana Sosa\/Zona Roja. Oaxaca de Ju\u00e1rez, Oax., 15 de junio de 2020.- Habitantes del municipio&hellip;<\/p>\n","protected":false},"author":2,"featured_media":13755,"comment_status":"closed","ping_status":"open","sticky":false,"template":"","format":"standard","meta":{"_lmt_disableupdate":"","_lmt_disable":"","_jetpack_memberships_contains_paid_content":false,"footnotes":""},"categories":[109,47],"tags":[1758],"class_list":["post-13754","post","type-post","status-publish","format-standard","has-post-thumbnail","hentry","category-minuto-a-minuto","category-zona-gris","tag-san-dionisio-ocotepec"],"jetpack_featured_media_url":"https:\/\/zonaroja.com.mx\/wp-content\/uploads\/2020\/06\/Conflicto-San-Dionisio-Ocotepec.jpg","jetpack_sharing_enabled":true,"_links":{"self":[{"href":"https:\/\/zonaroja.com.mx\/index.php?rest_route=\/wp\/v2\/posts\/13754","targetHints":{"allow":["GET"]}}],"collection":[{"href":"https:\/\/zonaroja.com.mx\/index.php?rest_route=\/wp\/v2\/posts"}],"about":[{"href":"https:\/\/zonaroja.com.mx\/index.php?rest_route=\/wp\/v2\/types\/post"}],"author":[{"embeddable":true,"href":"https:\/\/zonaroja.com.mx\/index.php?rest_route=\/wp\/v2\/users\/2"}],"replies":[{"embeddable":true,"href":"https:\/\/zonaroja.com.mx\/index.php?rest_route=%2Fwp%2Fv2%2Fcomments&post=13754"}],"version-history":[{"count":1,"href":"https:\/\/zonaroja.com.mx\/index.php?rest_route=\/wp\/v2\/posts\/13754\/revisions"}],"predecessor-version":[{"id":13756,"href":"https:\/\/zonaroja.com.mx\/index.php?rest_route=\/wp\/v2\/posts\/13754\/revisions\/13756"}],"wp:featuredmedia":[{"embeddable":true,"href":"https:\/\/zonaroja.com.mx\/index.php?rest_route=\/wp\/v2\/media\/13755"}],"wp:attachment":[{"href":"https:\/\/zonaroja.com.mx\/index.php?rest_route=%2Fwp%2Fv2%2Fmedia&parent=13754"}],"wp:term":[{"taxonomy":"category","embeddable":true,"href":"https:\/\/zonaroja.com.mx\/index.php?rest_route=%2Fwp%2Fv2%2Fcategories&post=13754"},{"taxonomy":"post_tag","embeddable":true,"href":"https:\/\/zonaroja.com.mx\/index.php?rest_route=%2Fwp%2Fv2%2Ftags&post=13754"}],"curies":[{"name":"wp","href":"https:\/\/api.w.org\/{rel}","templated":true}]}}