{"id":13762,"date":"2020-06-15T19:25:22","date_gmt":"2020-06-16T00:25:22","guid":{"rendered":"http:\/\/www.zonaroja.com.mx\/?p=13762"},"modified":"2020-06-15T19:25:24","modified_gmt":"2020-06-16T00:25:24","slug":"registra-santiago-amoltepec-triple-homicidio-de-varones","status":"publish","type":"post","link":"https:\/\/zonaroja.com.mx\/?p=13762","title":{"rendered":"Registra Santiago Amoltepec triple homicidio de varones"},"content":{"rendered":"\n<p>Redacci\u00f3n\n\/Zona Roja Oaxaca<\/p>\n\n\n\n<p>Oaxaca\nde Ju\u00e1rez, Oax., 15 de junio de 2020.- La violencia en la entidad se extendi\u00f3\neste fin de semana a la regi\u00f3n de Sierra Sur, donde tres hombres fueron\nejecutadas a balazos en el municipio de Santiago Amoltepec.<\/p>\n\n\n\n<p>El\nreporte policial indic\u00f3 que este domingo los ocupantes de una camioneta marca\nNissan que circulaba en jurisdicci\u00f3n del paraje \u201cEl R\u00edo\u201d de ese municipio de la\nregi\u00f3n Sierra Sur, fue embocada, con saldo de v\u00edctimas mortales.<\/p>\n\n\n\n<p>Como resultado\nde ello, fueron asesinados un hombre identificado como V\u00edctor L\u00f3pez, as\u00ed como\nJosu\u00e9 N. N. y Beningo N. N., quienes quedaron al interior de la camioneta de\nuna cabina.<\/p>\n\n\n\n<p>Al\nlugar, perteneciente al distrito de Sola de Vega, arribaron elementos de seguridad\nde los diferentes niveles de gobierno para realizar las diligencias\ncorrespondientes.<\/p>\n\n\n\n<p>Hasta\nel momento no ha habido informaci\u00f3n oficial al respecto.<\/p>\n","protected":false},"excerpt":{"rendered":"<p>Redacci\u00f3n \/Zona Roja Oaxaca Oaxaca de Ju\u00e1rez, Oax., 15 de junio de 2020.- La violencia&hellip;<\/p>\n","protected":false},"author":2,"featured_media":13763,"comment_status":"closed","ping_status":"open","sticky":false,"template":"","format":"standard","meta":{"_lmt_disableupdate":"","_lmt_disable":"","_jetpack_memberships_contains_paid_content":false,"footnotes":""},"categories":[109,47],"tags":[860],"class_list":["post-13762","post","type-post","status-publish","format-standard","has-post-thumbnail","hentry","category-minuto-a-minuto","category-zona-gris","tag-santiago-amoltepec"],"jetpack_featured_media_url":"https:\/\/zonaroja.com.mx\/wp-content\/uploads\/2020\/06\/Ejecutados-Amoltepec.jpg","jetpack_sharing_enabled":true,"_links":{"self":[{"href":"https:\/\/zonaroja.com.mx\/index.php?rest_route=\/wp\/v2\/posts\/13762","targetHints":{"allow":["GET"]}}],"collection":[{"href":"https:\/\/zonaroja.com.mx\/index.php?rest_route=\/wp\/v2\/posts"}],"about":[{"href":"https:\/\/zonaroja.com.mx\/index.php?rest_route=\/wp\/v2\/types\/post"}],"author":[{"embeddable":true,"href":"https:\/\/zonaroja.com.mx\/index.php?rest_route=\/wp\/v2\/users\/2"}],"replies":[{"embeddable":true,"href":"https:\/\/zonaroja.com.mx\/index.php?rest_route=%2Fwp%2Fv2%2Fcomments&post=13762"}],"version-history":[{"count":1,"href":"https:\/\/zonaroja.com.mx\/index.php?rest_route=\/wp\/v2\/posts\/13762\/revisions"}],"predecessor-version":[{"id":13764,"href":"https:\/\/zonaroja.com.mx\/index.php?rest_route=\/wp\/v2\/posts\/13762\/revisions\/13764"}],"wp:featuredmedia":[{"embeddable":true,"href":"https:\/\/zonaroja.com.mx\/index.php?rest_route=\/wp\/v2\/media\/13763"}],"wp:attachment":[{"href":"https:\/\/zonaroja.com.mx\/index.php?rest_route=%2Fwp%2Fv2%2Fmedia&parent=13762"}],"wp:term":[{"taxonomy":"category","embeddable":true,"href":"https:\/\/zonaroja.com.mx\/index.php?rest_route=%2Fwp%2Fv2%2Fcategories&post=13762"},{"taxonomy":"post_tag","embeddable":true,"href":"https:\/\/zonaroja.com.mx\/index.php?rest_route=%2Fwp%2Fv2%2Ftags&post=13762"}],"curies":[{"name":"wp","href":"https:\/\/api.w.org\/{rel}","templated":true}]}}