{"id":13765,"date":"2020-06-15T20:15:37","date_gmt":"2020-06-16T01:15:37","guid":{"rendered":"http:\/\/www.zonaroja.com.mx\/?p=13765"},"modified":"2020-06-15T20:15:40","modified_gmt":"2020-06-16T01:15:40","slug":"dejan-restos-de-carne-con-narcomensaje-en-sede-de-consorcio-oaxaca","status":"publish","type":"post","link":"https:\/\/zonaroja.com.mx\/?p=13765","title":{"rendered":"Dejan restos de carne con \u201cnarcomensaje\u201d en sede de Consorcio Oaxaca"},"content":{"rendered":"\n<p>Ismael\nGarc\u00eda M.\/Zona Roja.<\/p>\n\n\n\n<p>Oaxaca\nde Ju\u00e1rez, Oax., 15 de junio de 2020.- La organizaci\u00f3n Consorcio para el\nDi\u00e1logo y la Equidad de Oaxaca denunci\u00f3 que sujetos desconocidos dejaron en el\nexterior de sus oficinas una bolsa negra con carne y un mensaje amenazante\nescrito en una cartulina.<\/p>\n\n\n\n<p>\u201cHoy,\n15 de junio, alrededor de las 8:40 de la ma\u00f1ana tuvimos conocimiento de manera\nextraoficial que fue encontrada en la puerta de nuestra organizaci\u00f3n una bolsa\nnegra con pedazos de carne, al parecer una cabeza de animal. Al lado de la\nbolsa se encontraba una cartulina con la inscripci\u00f3n \u201c\u2019AJALE DE HUEVOS PERRA LA\nPR\u00d3XIMA ES LA TUYA ATTE. CJNG\u2019\u201d, describi\u00f3 en un comunicado.<\/p>\n\n\n\n<p>A\u00f1adi\u00f3:\n<\/p>\n\n\n\n<p>\u201cEs\nevidente que el gobierno de Alejandro Murat pretende disfrazar el asunto como\nun tema del crimen organizado, situaci\u00f3n que es perversa, como lo es su\nr\u00e9gimen. <\/p>\n\n\n\n<p>\u201cDesde\neste momento responsabilizamos al gobernador Alejandro Murat, al Fiscal Rub\u00e9n\nVasconcelos M\u00e9ndez y a Ra\u00fal Ernesto Salcedo Rosales, titular de la Secretar\u00eda\nde Seguridad P\u00fablica, de la vida y la seguridad tanto de Soledad Jarqu\u00edn, de su\nfamilia as\u00ed como de cada una de las integrantes de Consorcio Oaxaca\u201d, expuso.<\/p>\n\n\n\n<p>Indic\u00f3\nque la asociaci\u00f3n civil es una organizaci\u00f3n feminista dedicada desde hace 17\na\u00f1os a la promoci\u00f3n de los derechos de las mujeres as\u00ed como a la protecci\u00f3n de\ndefensoras y defensores de derechos humanos en Oaxaca, en M\u00e9xico y en la regi\u00f3n\nmesoamericana.<\/p>\n\n\n\n<p>\u201cDurante\nlas \u00faltimas semanas, hemos acompa\u00f1ado con sumo compromiso la campa\u00f1a \u2018Hasta que\nla Justicia Llegue\u2019 en exigencia de justicia por el feminicidio de Mar\u00eda del\nSol Cruz Jarqu\u00edn, joven fotoperiodista asesinada el 2 de junio 2018 en Juchit\u00e1n\nde Zaragoza. <\/p>\n\n\n\n<p>\u201cDicha\ncampa\u00f1a ha sido impulsada por Soledad Jarqu\u00edn Edgar, periodista feminista,\nmadre de Mar\u00eda del Sol y apoyada por innumerables organizaciones civiles,\norganismos nacionales e internacionales de derechos humanos y embajadas. <\/p>\n\n\n\n<p>\u201cEl\nproceso de exigencia de justicia de Mar\u00eda del Sol ha estado marcado por\nconstantes ataques en contra de Soledad Jarqu\u00edn y qui\u00e9nes nos hemos\nsolidarizado con su exigencia. <\/p>\n\n\n\n<p>\u201cAsimismo,\ndurante la campa\u00f1a, se han presentado varios incidentes de intimidaci\u00f3n en\ncontra de la periodista; y por si no fuera suficiente desaparecieron el\nespectacular colocado en el cerro del Fort\u00edn en exigencia de justicia. A estos\nincidentes se suma la grave amenaza de muerte del d\u00eda de hoy\u201d, manifest\u00f3 en su\ncomunicado.<\/p>\n\n\n\n<p>Por\nello, repudi\u00f3 y denunci\u00f3 \u201cla acci\u00f3n del gobierno de Murat que ataca de manera\ncontundente nuestra labor, pues sin lugar a duda ello deja en evidencia que\nnuestra labor nos ha hecho merecedoras de una amenaza de muerte\u201d.<\/p>\n\n\n\n<p>Exigi\u00f3\ngarant\u00edas para quienes defienden los derechos humanos, en particular el derecho\na la justicia, verdad y reparaci\u00f3n y solicit\u00f3 garant\u00edas de seguridad para la\nperiodista Soledad Jarqu\u00edn, adem\u00e1s de llamar a organismos nacionales e\ninternacionales a estar atentos al caso y a las denuncias.<\/p>\n\n\n\n<p>Las\noficinas de Consorcio Oaxaca se ubican en la calle Pensamientos n\u00famero 104,\ncolonia Reforma de la ciudad de Oaxaca.<\/p>\n","protected":false},"excerpt":{"rendered":"<p>Ismael Garc\u00eda M.\/Zona Roja. Oaxaca de Ju\u00e1rez, Oax., 15 de junio de 2020.- La organizaci\u00f3n&hellip;<\/p>\n","protected":false},"author":2,"featured_media":13766,"comment_status":"closed","ping_status":"open","sticky":false,"template":"","format":"standard","meta":{"_lmt_disableupdate":"","_lmt_disable":"","_jetpack_memberships_contains_paid_content":false,"footnotes":""},"categories":[109,47],"tags":[548],"class_list":["post-13765","post","type-post","status-publish","format-standard","has-post-thumbnail","hentry","category-minuto-a-minuto","category-zona-gris","tag-consorcio-oaxaca"],"jetpack_featured_media_url":"https:\/\/zonaroja.com.mx\/wp-content\/uploads\/2020\/06\/Cabeza-sede-Consorcio.jpg","jetpack_sharing_enabled":true,"_links":{"self":[{"href":"https:\/\/zonaroja.com.mx\/index.php?rest_route=\/wp\/v2\/posts\/13765","targetHints":{"allow":["GET"]}}],"collection":[{"href":"https:\/\/zonaroja.com.mx\/index.php?rest_route=\/wp\/v2\/posts"}],"about":[{"href":"https:\/\/zonaroja.com.mx\/index.php?rest_route=\/wp\/v2\/types\/post"}],"author":[{"embeddable":true,"href":"https:\/\/zonaroja.com.mx\/index.php?rest_route=\/wp\/v2\/users\/2"}],"replies":[{"embeddable":true,"href":"https:\/\/zonaroja.com.mx\/index.php?rest_route=%2Fwp%2Fv2%2Fcomments&post=13765"}],"version-history":[{"count":1,"href":"https:\/\/zonaroja.com.mx\/index.php?rest_route=\/wp\/v2\/posts\/13765\/revisions"}],"predecessor-version":[{"id":13767,"href":"https:\/\/zonaroja.com.mx\/index.php?rest_route=\/wp\/v2\/posts\/13765\/revisions\/13767"}],"wp:featuredmedia":[{"embeddable":true,"href":"https:\/\/zonaroja.com.mx\/index.php?rest_route=\/wp\/v2\/media\/13766"}],"wp:attachment":[{"href":"https:\/\/zonaroja.com.mx\/index.php?rest_route=%2Fwp%2Fv2%2Fmedia&parent=13765"}],"wp:term":[{"taxonomy":"category","embeddable":true,"href":"https:\/\/zonaroja.com.mx\/index.php?rest_route=%2Fwp%2Fv2%2Fcategories&post=13765"},{"taxonomy":"post_tag","embeddable":true,"href":"https:\/\/zonaroja.com.mx\/index.php?rest_route=%2Fwp%2Fv2%2Ftags&post=13765"}],"curies":[{"name":"wp","href":"https:\/\/api.w.org\/{rel}","templated":true}]}}