{"id":13774,"date":"2020-06-15T22:19:55","date_gmt":"2020-06-16T03:19:55","guid":{"rendered":"http:\/\/www.zonaroja.com.mx\/?p=13774"},"modified":"2020-06-15T22:19:57","modified_gmt":"2020-06-16T03:19:57","slug":"edil-de-tuxtepec-oculta-estar-enfermo-de-covid-y-se-resguarda-en-domicilio","status":"publish","type":"post","link":"https:\/\/zonaroja.com.mx\/?p=13774","title":{"rendered":"Edil de Tuxtepec oculta estar enfermo de Covid y se resguarda en domicilio"},"content":{"rendered":"\n<p>Redacci\u00f3n\/Zona\nRoja.<\/p>\n\n\n\n<p>Oaxaca\nde Ju\u00e1rez, Oax., 15 de junio de 2020.- A pesar de permanecer en cuarentena\ndesde su domicilio, el presidente municipal de San Juan Bautista Tuxtepec,\nFernando Bautista D\u00e1vila, ha evitado informar a su poblaci\u00f3n de padecer de\nCovid-19.<\/p>\n\n\n\n<p>El\nedil, quien recibe atenci\u00f3n en su hogar desde la semana pasada, se retir\u00f3 de\nlas actividades de campo, as\u00ed como de conferencias digitales que encabezaba\njunto con la Jurisdicci\u00f3n Sanitaria N\u00famero 03 donde se da a conocer el avance\nde contagios en el municipio.<\/p>\n\n\n\n<p>La\n\u00faltima publicaci\u00f3n en la que se muestra en actividades al presidente, a trav\u00e9s\nde la cuenta oficial de Facebook del \u201cGobierno Municipal de San Juan Bautista\nTuxtepec\u201d, corresponde al 4 de junio en una entrega de despensas.<\/p>\n\n\n\n<p>El\npasado 29 de mayo, el edil public\u00f3 en su cuenta de Facebook que entrar\u00eda en\nfase de \u201caislamiento\u201d en casa luego que se confirm\u00f3 que el director Desarrollo\nSocial padec\u00eda de Covid-19.<\/p>\n\n\n\n<p>El\nedil indic\u00f3 en esa fecha que se realiz\u00f3 la prueba para descartar cualquier\nsospecha en su caso; el 25 de mayo dio a conocer que result\u00f3 negativo a la\nprueba.<\/p>\n\n\n\n<p>En esta ocasi\u00f3n el caso se mantiene con mayor hermetismo y hasta este lunes el gobierno municipal y el mismo edil no ofrecen informaci\u00f3n p\u00fablica, aunque la situaci\u00f3n ya se confirm\u00f3 entre los trabajadores.<\/p>\n\n\n\n<p>Despu\u00e9s de la capital, Tuxtepec es el segundo municipio del estado con la mayor cantidad de personas contagiadas del nuevo coronavirus.<\/p>\n","protected":false},"excerpt":{"rendered":"<p>Redacci\u00f3n\/Zona Roja. Oaxaca de Ju\u00e1rez, Oax., 15 de junio de 2020.- A pesar de permanecer&hellip;<\/p>\n","protected":false},"author":2,"featured_media":13775,"comment_status":"closed","ping_status":"open","sticky":false,"template":"","format":"standard","meta":{"_lmt_disableupdate":"","_lmt_disable":"","_jetpack_memberships_contains_paid_content":false,"footnotes":""},"categories":[109,47],"tags":[910],"class_list":["post-13774","post","type-post","status-publish","format-standard","has-post-thumbnail","hentry","category-minuto-a-minuto","category-zona-gris","tag-fernando-bautista-davila"],"jetpack_featured_media_url":"https:\/\/zonaroja.com.mx\/wp-content\/uploads\/2020\/06\/Fernando-Bautista-D\u00e1vila-2.jpg","jetpack_sharing_enabled":true,"_links":{"self":[{"href":"https:\/\/zonaroja.com.mx\/index.php?rest_route=\/wp\/v2\/posts\/13774","targetHints":{"allow":["GET"]}}],"collection":[{"href":"https:\/\/zonaroja.com.mx\/index.php?rest_route=\/wp\/v2\/posts"}],"about":[{"href":"https:\/\/zonaroja.com.mx\/index.php?rest_route=\/wp\/v2\/types\/post"}],"author":[{"embeddable":true,"href":"https:\/\/zonaroja.com.mx\/index.php?rest_route=\/wp\/v2\/users\/2"}],"replies":[{"embeddable":true,"href":"https:\/\/zonaroja.com.mx\/index.php?rest_route=%2Fwp%2Fv2%2Fcomments&post=13774"}],"version-history":[{"count":1,"href":"https:\/\/zonaroja.com.mx\/index.php?rest_route=\/wp\/v2\/posts\/13774\/revisions"}],"predecessor-version":[{"id":13776,"href":"https:\/\/zonaroja.com.mx\/index.php?rest_route=\/wp\/v2\/posts\/13774\/revisions\/13776"}],"wp:featuredmedia":[{"embeddable":true,"href":"https:\/\/zonaroja.com.mx\/index.php?rest_route=\/wp\/v2\/media\/13775"}],"wp:attachment":[{"href":"https:\/\/zonaroja.com.mx\/index.php?rest_route=%2Fwp%2Fv2%2Fmedia&parent=13774"}],"wp:term":[{"taxonomy":"category","embeddable":true,"href":"https:\/\/zonaroja.com.mx\/index.php?rest_route=%2Fwp%2Fv2%2Fcategories&post=13774"},{"taxonomy":"post_tag","embeddable":true,"href":"https:\/\/zonaroja.com.mx\/index.php?rest_route=%2Fwp%2Fv2%2Ftags&post=13774"}],"curies":[{"name":"wp","href":"https:\/\/api.w.org\/{rel}","templated":true}]}}