{"id":13777,"date":"2020-06-15T22:26:18","date_gmt":"2020-06-16T03:26:18","guid":{"rendered":"http:\/\/www.zonaroja.com.mx\/?p=13777"},"modified":"2020-06-15T22:26:21","modified_gmt":"2020-06-16T03:26:21","slug":"tras-el-confinamiento-de-10-dias-oaxaca-sigue-fatal-por-covid","status":"publish","type":"post","link":"https:\/\/zonaroja.com.mx\/?p=13777","title":{"rendered":"Tras el confinamiento de 10 d\u00edas, Oaxaca sigue fatal por Covid"},"content":{"rendered":"\n<p>Redacci\u00f3n\/Zona\nRoja.<\/p>\n\n\n\n<p>Oaxaca\nde Ju\u00e1rez, Oax., 15 de junio de 2020.- Al t\u00e9rmino del confinamiento total por\n10 d\u00edas que dispuso el gobierno, el Covid-19 sigue con saldos fatales en\nOaxaca.<\/p>\n\n\n\n<p>Al\ncorte epidemiol\u00f3gico de este lunes se han presentado 116 casos nuevos del nuevo\nvirus, que sumados hacen un total acumulado de tres mil 194 casos confirmados.<\/p>\n\n\n\n<p>De\nacuerdo con un bolet\u00edn de los Servicios de Salud de Oaxaca, se han notificado\nseis mil 276 casos, de los cuales dos mil 472 han sido negativos, 610 son\nsospechosos en espera de resultados por laboratorio, dos mil 290 se han\nrecuperado y hay 22 nuevos decesos, que suman 365; adem\u00e1s, a la fecha se tienen\n539 pacientes activos a la enfermedad v\u00edrica.<\/p>\n\n\n\n<p>Agreg\u00f3 que la Jurisdicci\u00f3n Sanitaria n\u00famero uno Valles Centrales, registra dos mil 201 casos confirmados con 223 defunciones, el Istmo 188 con 29 decesos, Tuxtepec con 415 y 67 fallecimientos, la Costa registra 133 y 13 muertes, Mixteca 177 casos y 23 decesos y la Sierra con 80 y 10 defunciones.<\/p>\n\n\n\n<figure class=\"wp-block-image\"><img decoding=\"async\" width=\"1024\" height=\"576\" src=\"http:\/\/www.zonaroja.com.mx\/wp-content\/uploads\/2020\/06\/Registran-los-SSO-539-casos-activos-de-COVID-19-seguimos-en-sem\u00e1foro-rojo-1024x576.jpeg\" alt=\"\" class=\"wp-image-13778\" srcset=\"https:\/\/zonaroja.com.mx\/wp-content\/uploads\/2020\/06\/Registran-los-SSO-539-casos-activos-de-COVID-19-seguimos-en-sem\u00e1foro-rojo-1024x576.jpeg 1024w, https:\/\/zonaroja.com.mx\/wp-content\/uploads\/2020\/06\/Registran-los-SSO-539-casos-activos-de-COVID-19-seguimos-en-sem\u00e1foro-rojo-300x169.jpeg 300w, https:\/\/zonaroja.com.mx\/wp-content\/uploads\/2020\/06\/Registran-los-SSO-539-casos-activos-de-COVID-19-seguimos-en-sem\u00e1foro-rojo-768x432.jpeg 768w, https:\/\/zonaroja.com.mx\/wp-content\/uploads\/2020\/06\/Registran-los-SSO-539-casos-activos-de-COVID-19-seguimos-en-sem\u00e1foro-rojo-585x329.jpeg 585w, https:\/\/zonaroja.com.mx\/wp-content\/uploads\/2020\/06\/Registran-los-SSO-539-casos-activos-de-COVID-19-seguimos-en-sem\u00e1foro-rojo.jpeg 1097w\" sizes=\"(max-width: 1024px) 100vw, 1024px\" \/><\/figure>\n\n\n\n<p>A\u00f1adi\u00f3\nque de los 116 casos nuevos presentados en 36 municipios, Oaxaca de Ju\u00e1rez\nregistra 20, San Juan Bautista Tuxtepec 15, Santiago Cho\u00e1pam 13, Santa Cruz\nXoxocotl\u00e1n siete, Huajuapan de Le\u00f3n y San Jacinto Amilpas, seis cada uno, Villa\nde Zaachila cuatro, Santa Mar\u00eda Atzompa, Ocotl\u00e1n de Morelos, San Agust\u00edn de las\nJuntas y Ciudad Ixtepec con tres cada uno; el resto de los ayuntamientos con\ndos y un caso respectivamente.<\/p>\n\n\n\n<p>Expuso\nque de las 365 defunciones, el grupo de 65 y m\u00e1s a\u00f1os suman 148, seguido del\ngrupo de 50 a 59 a\u00f1os con 91, de 25 a 44 con 46. <\/p>\n\n\n\n<p>Mientras\nque por sexo, en los hombres se han presentado 237 defunciones y en mujeres\n128; las comorbilidades asociadas han sido la diabetes, hipertensi\u00f3n arterial,\nobesidad e insuficiencia renal.<\/p>\n\n\n\n<p>En\nrelaci\u00f3n a la ocupaci\u00f3n hospitalaria, mencion\u00f3 que el Hospital de la Ni\u00f1ez\nOaxaque\u00f1a \u201cDr. Guillermo Z\u00e1rate Mijangos\u201d, se encuentra al 100% de ocupaci\u00f3n de\ncamas, el Regional de Alta Especialidad (HRAEO) con 96.3 %, Semar 85.7%, el\nIMSS con un 82.2 %, Sedena 76%. Por lo anterior, el porcentaje total de camas\nocupadas es de un 55.9 %, sin ventilador un 56.8% y con ventilador 52.8%.<\/p>\n","protected":false},"excerpt":{"rendered":"<p>Redacci\u00f3n\/Zona Roja. Oaxaca de Ju\u00e1rez, Oax., 15 de junio de 2020.- Al t\u00e9rmino del confinamiento&hellip;<\/p>\n","protected":false},"author":2,"featured_media":13779,"comment_status":"closed","ping_status":"open","sticky":false,"template":"","format":"standard","meta":{"_lmt_disableupdate":"","_lmt_disable":"","_jetpack_memberships_contains_paid_content":false,"footnotes":""},"categories":[109,47],"tags":[1512],"class_list":["post-13777","post","type-post","status-publish","format-standard","has-post-thumbnail","hentry","category-minuto-a-minuto","category-zona-gris","tag-coronavirus-oaxaca"],"jetpack_featured_media_url":"https:\/\/zonaroja.com.mx\/wp-content\/uploads\/2020\/06\/Registran-los-SSO-539-casos-activos-de-COVID-19-seguimos-en-sem\u00e1foro-rojo-1.jpeg","jetpack_sharing_enabled":true,"_links":{"self":[{"href":"https:\/\/zonaroja.com.mx\/index.php?rest_route=\/wp\/v2\/posts\/13777","targetHints":{"allow":["GET"]}}],"collection":[{"href":"https:\/\/zonaroja.com.mx\/index.php?rest_route=\/wp\/v2\/posts"}],"about":[{"href":"https:\/\/zonaroja.com.mx\/index.php?rest_route=\/wp\/v2\/types\/post"}],"author":[{"embeddable":true,"href":"https:\/\/zonaroja.com.mx\/index.php?rest_route=\/wp\/v2\/users\/2"}],"replies":[{"embeddable":true,"href":"https:\/\/zonaroja.com.mx\/index.php?rest_route=%2Fwp%2Fv2%2Fcomments&post=13777"}],"version-history":[{"count":1,"href":"https:\/\/zonaroja.com.mx\/index.php?rest_route=\/wp\/v2\/posts\/13777\/revisions"}],"predecessor-version":[{"id":13780,"href":"https:\/\/zonaroja.com.mx\/index.php?rest_route=\/wp\/v2\/posts\/13777\/revisions\/13780"}],"wp:featuredmedia":[{"embeddable":true,"href":"https:\/\/zonaroja.com.mx\/index.php?rest_route=\/wp\/v2\/media\/13779"}],"wp:attachment":[{"href":"https:\/\/zonaroja.com.mx\/index.php?rest_route=%2Fwp%2Fv2%2Fmedia&parent=13777"}],"wp:term":[{"taxonomy":"category","embeddable":true,"href":"https:\/\/zonaroja.com.mx\/index.php?rest_route=%2Fwp%2Fv2%2Fcategories&post=13777"},{"taxonomy":"post_tag","embeddable":true,"href":"https:\/\/zonaroja.com.mx\/index.php?rest_route=%2Fwp%2Fv2%2Ftags&post=13777"}],"curies":[{"name":"wp","href":"https:\/\/api.w.org\/{rel}","templated":true}]}}