{"id":13781,"date":"2020-06-15T22:31:14","date_gmt":"2020-06-16T03:31:14","guid":{"rendered":"http:\/\/www.zonaroja.com.mx\/?p=13781"},"modified":"2020-06-15T23:00:11","modified_gmt":"2020-06-16T04:00:11","slug":"por-fin-abren-hospital-de-juchitan-para-covid-lo-atendera-sedena","status":"publish","type":"post","link":"https:\/\/zonaroja.com.mx\/?p=13781","title":{"rendered":"Por fin abren hospital de Juchit\u00e1n para Covid; lo atender\u00e1 Sedena"},"content":{"rendered":"\n<p>Redacci\u00f3n\/Zona\nRoja.<\/p>\n\n\n\n<p>Oaxaca\nde Ju\u00e1rez, Oax., 15 de junio de 2020.- Dos meses despu\u00e9s que lo anunci\u00f3 el\ngobierno de Oaxaca, este lunes se puso en servicio el nuevo Hospital de\nEspecialidades de Juchit\u00e1n de Zaragoza.<\/p>\n\n\n\n<p>Fue reconvertido para atender a pacientes con Covid-19 y ser\u00e1 administrado por la Secretar\u00eda de la Defensa Nacional; en una primera etapa, cuenta con 25 camas y m\u00e1s de 44 profesionales de la salud<\/p>\n\n\n\n<p>En un comunicado, se inform\u00f3 que el gobernador Alejandro Murat y la senadora con licencia Susana Harp, as\u00ed como el titular de los Servicios de Salud, Donato Casas Escamilla y autoridades municipales, inauguraron hoy el nosocomio.<\/p>\n\n\n\n<p>El mandatario\nagradeci\u00f3 el respaldo de la Fundaci\u00f3n Grupo M\u00e9xico, Aliados de Cinemex y\nEmpleados del Grupo M\u00e9xico, quienes gracias a su aportaci\u00f3n hicieron posible\nconcretar esta edificaci\u00f3n, como parte de una petici\u00f3n hecha por los juchitecos\nluego de los sismos ocurridos en 2017.<\/p>\n\n\n\n<p>A\u00f1adi\u00f3\nque este hospital cuenta en esta etapa de atenci\u00f3n a pacientes Covid, con 25\ncamas hospitalarias mec\u00e1nicas, 25 bombas de infusi\u00f3n, 25 monitores de signos\nvitales y 20 ventiladores pulmonares; dando puntual atenci\u00f3n m\u00e9dica en cuidados\nintensivos.<\/p>\n\n\n\n<p>Agradeci\u00f3\nal presidente Andr\u00e9s Manuel L\u00f3pez Obrador, as\u00ed como a las Fuerzas Armadas su\napoyo para la atenci\u00f3n m\u00e9dica que se brindar\u00e1 en este nosocomio, toda vez que ser\u00e1n\nlas y los uniformados quienes est\u00e9n al frente de estas acciones.<\/p>\n\n\n\n<p>Se\u00f1al\u00f3\nque a este hospital Covid-Insabi ser\u00e1n remitidos los pacientes que tengan\ncomplicaciones severas en su salud a consecuencia del virus; esto una vez\nrealizadas las pruebas y diagn\u00f3sticos pertinentes en el Hospital \u201cDr. Macedonio\nBen\u00edtez Fuentes\u201d.<\/p>\n\n\n\n<p>En su\noportunidad, el comandante de la VIII Regi\u00f3n Militar, Juan Arturo Cordero\nG\u00f3mez, refrend\u00f3 el compromiso de las fuerzas castrenses por apoyar a la\npoblaci\u00f3n civil durante esta contingencia sanitaria, aplicando de manera\nin\u00e9dita el Plan DN-III.<\/p>\n\n\n\n<p>Por\nsu parte, la Senadora Susana Harp Iturribarr\u00eda se\u00f1al\u00f3 que la puesta en marcha\nde este centro hospitalario tiene el objetivo de reforzar la atenci\u00f3n que se\nbrinda durante esta pandemia.<\/p>\n\n\n\n<p>\u00abEs\nun gran trabajo intersecretarial. Por primera vez los sistemas de Salud en\ngeneral se est\u00e1n poniendo de acuerdo; el IMSS, el ISSSTE, Insabi, Servicios de\nSalud de Oaxaca, Sedena y Marina, somos testigos de este gran mecanismo a favor\nde la salud que se est\u00e1 implementando\u00bb, destac\u00f3.<\/p>\n","protected":false},"excerpt":{"rendered":"<p>Redacci\u00f3n\/Zona Roja. Oaxaca de Ju\u00e1rez, Oax., 15 de junio de 2020.- Dos meses despu\u00e9s que&hellip;<\/p>\n","protected":false},"author":2,"featured_media":13782,"comment_status":"closed","ping_status":"open","sticky":false,"template":"","format":"standard","meta":{"_lmt_disableupdate":"","_lmt_disable":"","_jetpack_memberships_contains_paid_content":false,"footnotes":""},"categories":[109,47],"tags":[1759],"class_list":["post-13781","post","type-post","status-publish","format-standard","has-post-thumbnail","hentry","category-minuto-a-minuto","category-zona-gris","tag-hospital-de-especialidades-de-juchitan"],"jetpack_featured_media_url":"https:\/\/zonaroja.com.mx\/wp-content\/uploads\/2020\/06\/AMH-02-1.jpg","jetpack_sharing_enabled":true,"_links":{"self":[{"href":"https:\/\/zonaroja.com.mx\/index.php?rest_route=\/wp\/v2\/posts\/13781","targetHints":{"allow":["GET"]}}],"collection":[{"href":"https:\/\/zonaroja.com.mx\/index.php?rest_route=\/wp\/v2\/posts"}],"about":[{"href":"https:\/\/zonaroja.com.mx\/index.php?rest_route=\/wp\/v2\/types\/post"}],"author":[{"embeddable":true,"href":"https:\/\/zonaroja.com.mx\/index.php?rest_route=\/wp\/v2\/users\/2"}],"replies":[{"embeddable":true,"href":"https:\/\/zonaroja.com.mx\/index.php?rest_route=%2Fwp%2Fv2%2Fcomments&post=13781"}],"version-history":[{"count":3,"href":"https:\/\/zonaroja.com.mx\/index.php?rest_route=\/wp\/v2\/posts\/13781\/revisions"}],"predecessor-version":[{"id":13785,"href":"https:\/\/zonaroja.com.mx\/index.php?rest_route=\/wp\/v2\/posts\/13781\/revisions\/13785"}],"wp:featuredmedia":[{"embeddable":true,"href":"https:\/\/zonaroja.com.mx\/index.php?rest_route=\/wp\/v2\/media\/13782"}],"wp:attachment":[{"href":"https:\/\/zonaroja.com.mx\/index.php?rest_route=%2Fwp%2Fv2%2Fmedia&parent=13781"}],"wp:term":[{"taxonomy":"category","embeddable":true,"href":"https:\/\/zonaroja.com.mx\/index.php?rest_route=%2Fwp%2Fv2%2Fcategories&post=13781"},{"taxonomy":"post_tag","embeddable":true,"href":"https:\/\/zonaroja.com.mx\/index.php?rest_route=%2Fwp%2Fv2%2Ftags&post=13781"}],"curies":[{"name":"wp","href":"https:\/\/api.w.org\/{rel}","templated":true}]}}