{"id":13786,"date":"2020-06-16T08:03:29","date_gmt":"2020-06-16T13:03:29","guid":{"rendered":"http:\/\/www.zonaroja.com.mx\/?p=13786"},"modified":"2020-06-16T08:03:32","modified_gmt":"2020-06-16T13:03:32","slug":"lunes-de-dos-muertos-en-oaxaca-y-ola-de-asaltos","status":"publish","type":"post","link":"https:\/\/zonaroja.com.mx\/?p=13786","title":{"rendered":"Lunes de dos muertos en Oaxaca y ola de asaltos"},"content":{"rendered":"\n<p>Redacci\u00f3n\/Zona\nRoja.<\/p>\n\n\n\n<p>Oaxaca\nde Ju\u00e1rez, Oax., 16 de junio de 2020.- Dos personas perdieron la vida este\nlunes en la entidad oaxaque\u00f1a, una de ellas de forma violenta, adem\u00e1s de\nregistrarse diversos asaltos, en las regiones Istmo y Valles Centrales.<\/p>\n\n\n\n<p>La\nma\u00f1ana de ayer en Santo Domingo Petapa, una persona fue asesinada a balazos en\nla calle Emiliano Zapata de la colonia El Pedregal; la v\u00edctima fue identificada\ncomo Isa\u00edas Garc\u00eda.<\/p>\n\n\n\n<p>Sujetos\narmados persiguieron al individuo de 25 a\u00f1os de edad, quien fue alcanzado en un\nmototaxi.<\/p>\n\n\n\n<p>En\ntanto anoche, en la calle de Manuel Fern\u00e1ndez Fiallo esquina con Vega, una\npersona perdi\u00f3 la vida, presuntamente por Covid-19.<\/p>\n\n\n\n<p>El\nhombre cay\u00f3 sobre la banqueta con s\u00edntomas del coronavirus, confirmaron sus\nfamiliares, quienes lo iban trasladar a un hospital. <\/p>\n\n\n\n<p>M\u00daLTIPLES\nASALTOS<\/p>\n\n\n\n<p>La\nola de asaltos no ces\u00f3 tambi\u00e9n en la regi\u00f3n del Istmo, pues en la ma\u00f1ana fue atracada\nuna tienda Oxxo, ubicada en la calle 2 de Noviembre de Juchit\u00e1n de Zaragoza.<\/p>\n\n\n\n<p>El\nsujeto provisto de un arma de fuego se apoder\u00f3 de dinero, celulares y\nmercanc\u00eda, tras lo cual huy\u00f3, sin que fuera buscado por los polic\u00edas\nmunicipales.<\/p>\n\n\n\n<p>Horas\ndespu\u00e9s fue asaltada la tienda de materiales \u201cZetuna\u201d, ubicada en prolongaci\u00f3n\n16 de Septiembre, a unos metros del crucero de la ciudad de Juchit\u00e1n; dos\nsujetos a bordo de un mototaxi, lograron huir.<\/p>\n\n\n\n<p>El\ndomingo previo, tambi\u00e9n en Juchit\u00e1n, correspondi\u00f3 a la tienda Coppel Canad\u00e1,\nubicada en la calle 5 de Septiembre y Morelos; tambi\u00e9n fueron dos individuos,\nque lograron ayer.<\/p>\n\n\n\n<p>Por\notra parte, este lunes por la ma\u00f1ana a la altura de la colonia La Brecha en el\ntramo carretero Tehuantepec-Salina Cruz, fue asaltada una unidad de motor de la\nempresa \u201cLa Sevillana\u201d, con secuestro de una trabajadora.<\/p>\n\n\n\n<p>Un\ngrupo armado intercept\u00f3 la unidad de motor y tom\u00f3 de reh\u00e9n a una mujer, para\nluego darse a la fuga; tras una persecuci\u00f3n policiaca, fue localizada la unidad\nde motor y la mujer abandonada, mientras los delincuentes lograron huir.<\/p>\n\n\n\n<p>CUANTIOSO\nBOT\u00cdN<\/p>\n\n\n\n<p>Mientras\ntanto en Tlacolula de Matamoros se registr\u00f3 un asalto con un cuantioso bot\u00edn.<\/p>\n\n\n\n<p>Un\ntrabajador de una gasoliner\u00eda de San Dionisio Ocotepec acud\u00eda a la sucursal\nbancaria de Santander, pero antes de llegar fue abordado por dos sujetos que le\narrebataron el dinero, aproximadamente 800 mil pesos.<\/p>\n\n\n\n<p>El\natraco ocurri\u00f3 cerca de las diez de la ma\u00f1ana afuera de la sucursal de\nSantander ubicada en la calle Melchor Ocampo; los delincuentes se dieron a la\nfuga a bordo de una unidad de motor, que despu\u00e9s abandonaron.<\/p>\n","protected":false},"excerpt":{"rendered":"<p>Redacci\u00f3n\/Zona Roja. Oaxaca de Ju\u00e1rez, Oax., 16 de junio de 2020.- Dos personas perdieron la&hellip;<\/p>\n","protected":false},"author":2,"featured_media":12037,"comment_status":"closed","ping_status":"open","sticky":false,"template":"","format":"standard","meta":{"_lmt_disableupdate":"","_lmt_disable":"","_jetpack_memberships_contains_paid_content":false,"footnotes":""},"categories":[109,51],"tags":[1745],"class_list":["post-13786","post","type-post","status-publish","format-standard","has-post-thumbnail","hentry","category-minuto-a-minuto","category-zona-roja","tag-santo-domingo-petapa"],"jetpack_featured_media_url":"https:\/\/zonaroja.com.mx\/wp-content\/uploads\/2020\/05\/violencia-e-inseguridad.jpg","jetpack_sharing_enabled":true,"_links":{"self":[{"href":"https:\/\/zonaroja.com.mx\/index.php?rest_route=\/wp\/v2\/posts\/13786","targetHints":{"allow":["GET"]}}],"collection":[{"href":"https:\/\/zonaroja.com.mx\/index.php?rest_route=\/wp\/v2\/posts"}],"about":[{"href":"https:\/\/zonaroja.com.mx\/index.php?rest_route=\/wp\/v2\/types\/post"}],"author":[{"embeddable":true,"href":"https:\/\/zonaroja.com.mx\/index.php?rest_route=\/wp\/v2\/users\/2"}],"replies":[{"embeddable":true,"href":"https:\/\/zonaroja.com.mx\/index.php?rest_route=%2Fwp%2Fv2%2Fcomments&post=13786"}],"version-history":[{"count":1,"href":"https:\/\/zonaroja.com.mx\/index.php?rest_route=\/wp\/v2\/posts\/13786\/revisions"}],"predecessor-version":[{"id":13787,"href":"https:\/\/zonaroja.com.mx\/index.php?rest_route=\/wp\/v2\/posts\/13786\/revisions\/13787"}],"wp:featuredmedia":[{"embeddable":true,"href":"https:\/\/zonaroja.com.mx\/index.php?rest_route=\/wp\/v2\/media\/12037"}],"wp:attachment":[{"href":"https:\/\/zonaroja.com.mx\/index.php?rest_route=%2Fwp%2Fv2%2Fmedia&parent=13786"}],"wp:term":[{"taxonomy":"category","embeddable":true,"href":"https:\/\/zonaroja.com.mx\/index.php?rest_route=%2Fwp%2Fv2%2Fcategories&post=13786"},{"taxonomy":"post_tag","embeddable":true,"href":"https:\/\/zonaroja.com.mx\/index.php?rest_route=%2Fwp%2Fv2%2Ftags&post=13786"}],"curies":[{"name":"wp","href":"https:\/\/api.w.org\/{rel}","templated":true}]}}