{"id":13788,"date":"2020-06-16T08:23:43","date_gmt":"2020-06-16T13:23:43","guid":{"rendered":"http:\/\/www.zonaroja.com.mx\/?p=13788"},"modified":"2020-06-16T09:36:46","modified_gmt":"2020-06-16T14:36:46","slug":"al-tope-hospitales-de-oaxaca-que-atienden-covid-19","status":"publish","type":"post","link":"https:\/\/zonaroja.com.mx\/?p=13788","title":{"rendered":"Al tope hospitales de Oaxaca que atienden Covid-19"},"content":{"rendered":"\n<p>Redacci\u00f3n\/Zona\nRoja.<\/p>\n\n\n\n<p>Oaxaca\nde Ju\u00e1rez, Oax., 16 de junio de 2020.- La mayor\u00eda de los hospitales, estatales\ny federales, que atienden a pacientes con Covid-19, se encuentran pr\u00e1cticamente\nal 100 por ciento de ocupaci\u00f3n.<\/p>\n\n\n\n<p>De acuerdo con informaci\u00f3n de los Servicios de\nSalud de Oaxaca, el Hospital de la Ni\u00f1ez Oaxaque\u00f1a \u201cDr. Guillermo Z\u00e1rate\nMijangos\u201d, dependiente de los Servicios de Salud de Oaxaca, se encuentra al 100\npor ciento de ocupaci\u00f3n de camas.<\/p>\n\n\n\n<p>El Hospital Regional de Alta Especialidad\n(HRAEO), a cargo del gobierno federal, con 96.3 %; el Hospital de la Secretar\u00eda\nde Marina, al 85.7%; el IMSS en la ciudad de Oaxaca, con un 82.2 %; el de la Secretar\u00eda\nde la Defensa Nacional en Santa Mar\u00eda Ixcotel, al 76%. <\/p>\n\n\n\n<p>Por lo anterior, de acuerdo con la\ndependencia, el porcentaje total de camas ocupadas es de un 55.9 %; sin\nventilador un 56.8% y con ventilador 52.8%.<\/p>\n\n\n\n<p>Ayer,\nla cl\u00ednica hospital del Instituto Mexicano del Seguro Social (IMSS) en San Juan\nBautista Tuxtepec se declar\u00f3 tambi\u00e9n a su m\u00e1xima capacidad y el fin de semana\ntuvo que habilitar cinco camas m\u00e1s para atender a pacientes con coronavirus.<\/p>\n\n\n\n<p>En\nPuerto Escondido, la Jurisdicci\u00f3n Sanitaria inform\u00f3 tambi\u00e9n que el nosocomio de\ndicha agencia municipal tambi\u00e9n est\u00e1 al 100% y los pacientes tendr\u00e1n que ser\nderivados a otros sitios Covid; en la regi\u00f3n, el de Pinotepa Nacional est\u00e1 al\n50 % y de San Pedro Pochutla, con un 40%.<\/p>\n\n\n\n<p>Mientras tanto en Putla Villa de Guerrero, se inform\u00f3 que al menos siete de 15 trabajadores del Hospital 30 Camas resultaron infectados con Covid-19, en tanto que otros trabajadores est\u00e1n por realizarse la prueba.<\/p>\n\n\n\n<p>Ayer, el gobierno estatal y el federal pusieron en operaci\u00f3n el Hospital de Especialidades de Juchit\u00e1n de Zaragoza para atender a pacientes con Covid, pero s\u00f3lo tiene 20 camas.<\/p>\n","protected":false},"excerpt":{"rendered":"<p>Redacci\u00f3n\/Zona Roja. Oaxaca de Ju\u00e1rez, Oax., 16 de junio de 2020.- La mayor\u00eda de los&hellip;<\/p>\n","protected":false},"author":2,"featured_media":13790,"comment_status":"closed","ping_status":"open","sticky":false,"template":"","format":"standard","meta":{"_lmt_disableupdate":"","_lmt_disable":"","_jetpack_memberships_contains_paid_content":false,"footnotes":""},"categories":[109,47],"tags":[1512],"class_list":["post-13788","post","type-post","status-publish","format-standard","has-post-thumbnail","hentry","category-minuto-a-minuto","category-zona-gris","tag-coronavirus-oaxaca"],"jetpack_featured_media_url":"https:\/\/zonaroja.com.mx\/wp-content\/uploads\/2020\/06\/Enfermo-Covid.jpg","jetpack_sharing_enabled":true,"_links":{"self":[{"href":"https:\/\/zonaroja.com.mx\/index.php?rest_route=\/wp\/v2\/posts\/13788","targetHints":{"allow":["GET"]}}],"collection":[{"href":"https:\/\/zonaroja.com.mx\/index.php?rest_route=\/wp\/v2\/posts"}],"about":[{"href":"https:\/\/zonaroja.com.mx\/index.php?rest_route=\/wp\/v2\/types\/post"}],"author":[{"embeddable":true,"href":"https:\/\/zonaroja.com.mx\/index.php?rest_route=\/wp\/v2\/users\/2"}],"replies":[{"embeddable":true,"href":"https:\/\/zonaroja.com.mx\/index.php?rest_route=%2Fwp%2Fv2%2Fcomments&post=13788"}],"version-history":[{"count":2,"href":"https:\/\/zonaroja.com.mx\/index.php?rest_route=\/wp\/v2\/posts\/13788\/revisions"}],"predecessor-version":[{"id":13792,"href":"https:\/\/zonaroja.com.mx\/index.php?rest_route=\/wp\/v2\/posts\/13788\/revisions\/13792"}],"wp:featuredmedia":[{"embeddable":true,"href":"https:\/\/zonaroja.com.mx\/index.php?rest_route=\/wp\/v2\/media\/13790"}],"wp:attachment":[{"href":"https:\/\/zonaroja.com.mx\/index.php?rest_route=%2Fwp%2Fv2%2Fmedia&parent=13788"}],"wp:term":[{"taxonomy":"category","embeddable":true,"href":"https:\/\/zonaroja.com.mx\/index.php?rest_route=%2Fwp%2Fv2%2Fcategories&post=13788"},{"taxonomy":"post_tag","embeddable":true,"href":"https:\/\/zonaroja.com.mx\/index.php?rest_route=%2Fwp%2Fv2%2Ftags&post=13788"}],"curies":[{"name":"wp","href":"https:\/\/api.w.org\/{rel}","templated":true}]}}