{"id":13796,"date":"2020-06-16T12:44:28","date_gmt":"2020-06-16T17:44:28","guid":{"rendered":"http:\/\/www.zonaroja.com.mx\/?p=13796"},"modified":"2020-06-16T12:44:31","modified_gmt":"2020-06-16T17:44:31","slug":"transportistas-protestan-contra-favoritos-de-gobierno-y-multiplican-bloqueos","status":"publish","type":"post","link":"https:\/\/zonaroja.com.mx\/?p=13796","title":{"rendered":"Transportistas protestan contra favoritos de gobierno y multiplican bloqueos"},"content":{"rendered":"\n<p>Yuridiana\nSosa\/Zona Roja.<\/p>\n\n\n\n<p>Oaxaca\nde Ju\u00e1rez, Oax., 16 de junio de 2020.- Desde hace casi un mes, integrantes de\nla Confederaci\u00f3n \u201cLibertad\u201d de Trabajadores de M\u00e9xico, en Oaxaca, comenzaron\ncon bloqueos intermitentes en la regi\u00f3n del Istmo para exigir participaci\u00f3n\nigualitaria en las obras del corredor trans\u00edstmico.<\/p>\n\n\n\n<p>La\ndenuncia, el favoritismo de los gobiernos federal y estatal hacia la\nConfederaci\u00f3n Aut\u00f3noma de Trabajadores y Empleados de M\u00e9xico (CATEM), que a\nnivel nacional preside el senador suplente morenista Pedro Haces Barba.<\/p>\n\n\n\n<p>Este\nmartes la movilizaci\u00f3n contin\u00faa luego que desde el pasado 19 de mayo comenzaron\nlas primeras acciones de protesta para demandar di\u00e1logo con la empresa\nConstructora y Edificaciones de Proyectos Diamante S.A de C.V. y se entendieron\na otras zonas del estado.<\/p>\n\n\n\n<p>La\nCoordinaci\u00f3n Municipal de Protecci\u00f3n Civil de la Heroica Ciudad de Juchit\u00e1n de\nZaragoza report\u00f3 que est\u00e1n cerrados los tramos carreteros de Tehuantepec\n-Salina Cruz; tramo La Ventosa-Mat\u00edas Romero en la jurisdicci\u00f3n de la poblaci\u00f3n\nde La Mata.<\/p>\n\n\n\n<p>As\u00ed como afectaci\u00f3n en la carretera Trans\u00edstmica tramo Juchit\u00e1n-Tehuantepec en inmediaciones de Canal 33. \u201c\u00a1No a los sindicatos monop\u00f3licos y gobiernistas\u201d, citan en sus cartulinas los inconformes!<\/p>\n\n\n\n<figure class=\"wp-block-image\"><img decoding=\"async\" src=\"http:\/\/www.zonaroja.com.mx\/716257d2-a49b-46f4-963c-f1a91ae56b05\" alt=\"\" \/><figcaption><a href=\"https:\/\/twitter.com\/MexRoja\/status\/1272934284509274120?s=20\">https:\/\/twitter.com\/MexRoja\/status\/1272934284509274120?s=20<\/a><\/figcaption><\/figure>\n\n\n\n<p>Adem\u00e1s,\nlos transportistas de la mixteca, en apoyo al movimiento, bloquearon la\ncarretera 135-D Nochixtlan, Caseta de Huitzo y las dos entradas al municipio de\nTeotitl\u00e1n Flores Mag\u00f3n.<\/p>\n\n\n\n<p>En\nValles Centrales tambi\u00e9n se extiende la protesta, con bloqueos a la carretera\nque conduce a San Raymundo Jalpan, en inmediaciones de Santa Cruz Xoxocotl\u00e1n.<\/p>\n\n\n\n<p>Las\nmovilizaciones comenzaron de forma conjunta entre los de \u201cLibertad\u201d,\nConfederaci\u00f3n de Trabajadores de M\u00e9xico (CTM) y Confederaci\u00f3n Internacional de\nTrabajadores (CIT), quienes denunciaron irregularidades en la firma de minutas\npor parte de Confederaci\u00f3n Aut\u00f3noma de Trabajadores y Empleados de M\u00e9xico\n(CATEM).<\/p>\n\n\n\n<p>Los\nmanifestantes se\u00f1alaron que Pedro Haces, l\u00edder nacional de CATEM, de manera\nunilateral firm\u00f3 un acuerdo con la empresa para que se haga un cobro m\u00ednimo por\nel servicio de acarreo de material p\u00e9treo, que est\u00e1 afectando a los camioneros;\npues CATEM es el sindicato al que le fue asignada la obra mediante el Contrato\nColectivo de Trabajo.<\/p>\n\n\n\n<p>Los\nbloqueos afectan a cientos de otros transportistas y particulares que circulan\nen la zona.<\/p>\n","protected":false},"excerpt":{"rendered":"<p>Yuridiana Sosa\/Zona Roja. Oaxaca de Ju\u00e1rez, Oax., 16 de junio de 2020.- Desde hace casi&hellip;<\/p>\n","protected":false},"author":2,"featured_media":13797,"comment_status":"closed","ping_status":"open","sticky":false,"template":"","format":"standard","meta":{"_lmt_disableupdate":"","_lmt_disable":"","_jetpack_memberships_contains_paid_content":false,"footnotes":""},"categories":[109,47],"tags":[1761],"class_list":["post-13796","post","type-post","status-publish","format-standard","has-post-thumbnail","hentry","category-minuto-a-minuto","category-zona-gris","tag-confederacion-libertad-de-trabajadores-de-mexico"],"jetpack_featured_media_url":"https:\/\/zonaroja.com.mx\/wp-content\/uploads\/2020\/06\/Bloqueo-CTLM.jpg","jetpack_sharing_enabled":true,"_links":{"self":[{"href":"https:\/\/zonaroja.com.mx\/index.php?rest_route=\/wp\/v2\/posts\/13796","targetHints":{"allow":["GET"]}}],"collection":[{"href":"https:\/\/zonaroja.com.mx\/index.php?rest_route=\/wp\/v2\/posts"}],"about":[{"href":"https:\/\/zonaroja.com.mx\/index.php?rest_route=\/wp\/v2\/types\/post"}],"author":[{"embeddable":true,"href":"https:\/\/zonaroja.com.mx\/index.php?rest_route=\/wp\/v2\/users\/2"}],"replies":[{"embeddable":true,"href":"https:\/\/zonaroja.com.mx\/index.php?rest_route=%2Fwp%2Fv2%2Fcomments&post=13796"}],"version-history":[{"count":1,"href":"https:\/\/zonaroja.com.mx\/index.php?rest_route=\/wp\/v2\/posts\/13796\/revisions"}],"predecessor-version":[{"id":13798,"href":"https:\/\/zonaroja.com.mx\/index.php?rest_route=\/wp\/v2\/posts\/13796\/revisions\/13798"}],"wp:featuredmedia":[{"embeddable":true,"href":"https:\/\/zonaroja.com.mx\/index.php?rest_route=\/wp\/v2\/media\/13797"}],"wp:attachment":[{"href":"https:\/\/zonaroja.com.mx\/index.php?rest_route=%2Fwp%2Fv2%2Fmedia&parent=13796"}],"wp:term":[{"taxonomy":"category","embeddable":true,"href":"https:\/\/zonaroja.com.mx\/index.php?rest_route=%2Fwp%2Fv2%2Fcategories&post=13796"},{"taxonomy":"post_tag","embeddable":true,"href":"https:\/\/zonaroja.com.mx\/index.php?rest_route=%2Fwp%2Fv2%2Ftags&post=13796"}],"curies":[{"name":"wp","href":"https:\/\/api.w.org\/{rel}","templated":true}]}}