{"id":13799,"date":"2020-06-16T12:58:18","date_gmt":"2020-06-16T17:58:18","guid":{"rendered":"http:\/\/www.zonaroja.com.mx\/?p=13799"},"modified":"2020-06-16T15:32:27","modified_gmt":"2020-06-16T20:32:27","slug":"tras-protestas-retiran-filtros-y-medidas-sanitarias-ante-covid-en-ocotepec","status":"publish","type":"post","link":"https:\/\/zonaroja.com.mx\/?p=13799","title":{"rendered":"Luego de protestas, retiran filtros y medidas sanitarias ante Covid en Ocotepec"},"content":{"rendered":"\n<p>Evlin\nArag\u00f3n\/Zona Roja.<\/p>\n\n\n\n<p>Oaxaca\nde Ju\u00e1rez, Oax., 16 de junio de 2020.- A\u00fan con el sem\u00e1foro de contagios por\nCovid-19 en color rojo para la entidad oaxaque\u00f1a, autoridades de San Dionisio\nOcotepec retiraron el filtro sanitario que hab\u00edan instalado en los principales\naccesos de la localidad y cancelaron los trabajos de limpieza y desinfecci\u00f3n en\nla zona, luego del conflicto que se registr\u00f3 este domingo entre pobladores\ninconformes con las labores de limpieza que se pretend\u00edan realizar.<\/p>\n\n\n\n<p>As\u00ed\nlo dieron a conocer a trav\u00e9s de un comunicado de prensa, en donde adem\u00e1s\ninformaron que se determin\u00f3 abrir paso en las calles que se hab\u00edan cerrado d\u00edas\nantes con el fin de que existiera una sola entrada a la comunidad y con ello\nregular el flujo de persona que ingresan.<\/p>\n\n\n\n<p>Lo\nanterior con el fin de que la violencia entre la poblaci\u00f3n no escalara a\nmayores, tras el enfrentamiento de este domingo, por lo que tambi\u00e9n\ndeterminaron entregar a los inconformes los tres equipos de fumigaci\u00f3n con los\nque se pretend\u00eda realizar las labores y los siete botes de l\u00edquido sanitizante.<\/p>\n\n\n\n<p>Ello\ncon la intenci\u00f3n que el grupo inconforme pueda analizar y realice los estudios\nque corresponda para cerciorarse que no se trata de productos da\u00f1inos para la\nsalud como lo argumentaron el domingo que se enfrentaron a golpes pobladores\ninconformes con elementos de la polic\u00eda municipal. <\/p>\n\n\n\n<p>\u201cSeguiremos\nsiendo respetuosos con la normatividad vigente, sin embargo, en ninguna\ncircunstancia nos permitiremos que exista violencia entre nuestros mismos\nhermanos, priorizando en todo momento la estabilidad social y la paz\u201d, refiere\nel comunicado emitido.<\/p>\n\n\n\n<p>Reiteraron\na la poblaci\u00f3n que los trabajos de sanitizaci\u00f3n se iban a realizar por acuerdo\nde la autoridad municipal como parte de las medidas para mitigar los niveles de\ncontagio de Cvid-19, sin embargo, la poblaci\u00f3n argument\u00f3 que la acci\u00f3n iba en\ncontra de la salud de los pobladores.&nbsp; <\/p>\n\n\n\n<p>A\nla par que les exhortaron para que en la medida de sus posibilidades extremen\nprecauciones a fin de reducir en sus familias el riesgo por contagio de esta\nterrible enfermedad.<\/p>\n\n\n\n<p>El\npasado domingo habitantes del municipio de San Dionisio Ocotepec se enfrentaron\na golpes con la Polic\u00eda Municipal para impedir la desinfecci\u00f3n de calles, pese\na que la localidad acumula tres casos confirmados de Covid-19 y una defunci\u00f3n.<\/p>\n","protected":false},"excerpt":{"rendered":"<p>Evlin Arag\u00f3n\/Zona Roja. Oaxaca de Ju\u00e1rez, Oax., 16 de junio de 2020.- A\u00fan con el&hellip;<\/p>\n","protected":false},"author":2,"featured_media":13800,"comment_status":"closed","ping_status":"open","sticky":false,"template":"","format":"standard","meta":{"_lmt_disableupdate":"","_lmt_disable":"","_jetpack_memberships_contains_paid_content":false,"footnotes":""},"categories":[109,47],"tags":[1758],"class_list":["post-13799","post","type-post","status-publish","format-standard","has-post-thumbnail","hentry","category-minuto-a-minuto","category-zona-gris","tag-san-dionisio-ocotepec"],"jetpack_featured_media_url":"https:\/\/zonaroja.com.mx\/wp-content\/uploads\/2020\/06\/San-Dionisio-Ocotepec-3.jpg","jetpack_sharing_enabled":true,"_links":{"self":[{"href":"https:\/\/zonaroja.com.mx\/index.php?rest_route=\/wp\/v2\/posts\/13799","targetHints":{"allow":["GET"]}}],"collection":[{"href":"https:\/\/zonaroja.com.mx\/index.php?rest_route=\/wp\/v2\/posts"}],"about":[{"href":"https:\/\/zonaroja.com.mx\/index.php?rest_route=\/wp\/v2\/types\/post"}],"author":[{"embeddable":true,"href":"https:\/\/zonaroja.com.mx\/index.php?rest_route=\/wp\/v2\/users\/2"}],"replies":[{"embeddable":true,"href":"https:\/\/zonaroja.com.mx\/index.php?rest_route=%2Fwp%2Fv2%2Fcomments&post=13799"}],"version-history":[{"count":2,"href":"https:\/\/zonaroja.com.mx\/index.php?rest_route=\/wp\/v2\/posts\/13799\/revisions"}],"predecessor-version":[{"id":13810,"href":"https:\/\/zonaroja.com.mx\/index.php?rest_route=\/wp\/v2\/posts\/13799\/revisions\/13810"}],"wp:featuredmedia":[{"embeddable":true,"href":"https:\/\/zonaroja.com.mx\/index.php?rest_route=\/wp\/v2\/media\/13800"}],"wp:attachment":[{"href":"https:\/\/zonaroja.com.mx\/index.php?rest_route=%2Fwp%2Fv2%2Fmedia&parent=13799"}],"wp:term":[{"taxonomy":"category","embeddable":true,"href":"https:\/\/zonaroja.com.mx\/index.php?rest_route=%2Fwp%2Fv2%2Fcategories&post=13799"},{"taxonomy":"post_tag","embeddable":true,"href":"https:\/\/zonaroja.com.mx\/index.php?rest_route=%2Fwp%2Fv2%2Ftags&post=13799"}],"curies":[{"name":"wp","href":"https:\/\/api.w.org\/{rel}","templated":true}]}}