{"id":13802,"date":"2020-06-16T13:06:06","date_gmt":"2020-06-16T18:06:06","guid":{"rendered":"http:\/\/www.zonaroja.com.mx\/?p=13802"},"modified":"2020-06-16T13:06:09","modified_gmt":"2020-06-16T18:06:09","slug":"tras-escandalo-exigen-disculpa-publica-y-renuncia-de-regidora-de-huajuapan","status":"publish","type":"post","link":"https:\/\/zonaroja.com.mx\/?p=13802","title":{"rendered":"Tras esc\u00e1ndalo, exigen disculpa p\u00fablica y renuncia de regidora de Huajuapan"},"content":{"rendered":"\n<p>Evlin\nArag\u00f3n\/Zona Roja.<\/p>\n\n\n\n<p>Oaxaca\nde Ju\u00e1rez, Oax., 16 de junio de 2020.- El Comit\u00e9 Directivo Municipal del\nPartido Acci\u00f3n Nacional en Huajuapan de Le\u00f3n, exigi\u00f3 una disculpa p\u00fablica de\nparte de la regidora de Turismo, Desarrollo Econ\u00f3mico y Mercado, Ana Laura\nMendoza M\u00e1rquez, luego de las expresiones vertidas en un video que circula en\nredes sociales, donde emplea t\u00e9rminos homof\u00f3bicos y comentarios fuera de lugar\nante la emergencia sanitaria actual.<\/p>\n\n\n\n<p>El\ndocumento firmado por Carlos H\u00e9ctor Maldonado Le\u00f3n, presidente del comit\u00e9\nmunicipal del PAN, refiere la necesidad imperante de una disculpa por parte de\nla funcionaria por sus ofensivas e inadecuadas expresiones realizadas, as\u00ed como\nsolicita al Cabildo se haga un severo extra\u00f1amiento a la regidora del Partido\ndel Trabajo, por su inaceptable conducta.<\/p>\n\n\n\n<p>\u201cManifestamos\nnuestro en\u00e9rgico rechazo por sus expresiones vertidas, en un video que circula\nen redes sociales, donde emplea t\u00e9rminos homof\u00f3bicos y de poco entendimiento\nhacia las personas que no cumplen las medidas recomendadas por la contingencia\nsanitaria que estamos viviendo\u201d, refiere el documento.<\/p>\n\n\n\n<p>Mientras\nque el ex funcionario municipal Joel Bernardo Zamora Montes, pidi\u00f3\nimparcialidad, justicia, despido y condena en\u00e9rgica respecto de la\nmanifestaci\u00f3n de la regidora de Turismo y Desarrollo Econ\u00f3mico, lo anterior\nargumentando que en el a\u00f1o pasado \u00e9l si fue despedido por comentarios ofensivos\nen contra de grupo feminista<\/p>\n\n\n\n<p>\u201cEl\n19 de septiembre del 2019, su servidor el Lic. Joel Bernardo Zamora Montes, fue\ndespedido por el gobierno municipal alegando falta de probidad y violaci\u00f3n al\nC\u00f3digo de \u00c9tica, por las declaraciones hechas en redes sociales contra un grupo\nde feministas\u201d, record\u00f3.<\/p>\n\n\n\n<p>Detall\u00f3\nque en esta ocasi\u00f3n la regidora Ana Laura Mendoza, denigra a la comunidad LGBT\ny a los huajuape\u00f1os llam\u00e1ndolos \u201cburros\u201d con sus declaraciones que quedaron\nregistradas en un video, por lo que incluso pidi\u00f3 la intervenci\u00f3n de la Comisi\u00f3n\nNacional para Prevenir la Discriminaci\u00f3n (Conapred).<\/p>\n\n\n\n<p>\u201c\u00bfTomar\u00e1\naqu\u00ed cartas en el asunto Conapred? \u00bfTomar\u00e1 cartas en el asunto el s\u00edndico\nprocurador de justicia Pablo Crespo de la Concha? \u00bfSe mediatizar\u00e1n tambi\u00e9n sus\nactos? Exijo su renuncia inmediata\u201d, cita.<\/p>\n\n\n\n<p>Este\nfin de semana se hizo viral una publicaci\u00f3n de la regidora en donde hace\nreferencia que fue diagnosticada con Covid-19 y se burla de su padecimiento\nadem\u00e1s que refiere \u201cles mando un abrazo a quienes quieran recibirlo porque no\nva a faltar el maric\u00f3n que no quiera recibir ni mi abrazo virtual&#8230;\u201d,\ndeclaraciones que fueron criticadas debido al cargo que ostenta.<\/p>\n","protected":false},"excerpt":{"rendered":"<p>Evlin Arag\u00f3n\/Zona Roja. Oaxaca de Ju\u00e1rez, Oax., 16 de junio de 2020.- El Comit\u00e9 Directivo&hellip;<\/p>\n","protected":false},"author":2,"featured_media":13803,"comment_status":"closed","ping_status":"open","sticky":false,"template":"","format":"standard","meta":{"_lmt_disableupdate":"","_lmt_disable":"","_jetpack_memberships_contains_paid_content":false,"footnotes":""},"categories":[109,47],"tags":[1762,594],"class_list":["post-13802","post","type-post","status-publish","format-standard","has-post-thumbnail","hentry","category-minuto-a-minuto","category-zona-gris","tag-ana-laura-mendoza-marquez","tag-huajuapan-de-leon"],"jetpack_featured_media_url":"https:\/\/zonaroja.com.mx\/wp-content\/uploads\/2020\/06\/Regidora-Ana-Laura-Mendoza.jpeg","jetpack_sharing_enabled":true,"_links":{"self":[{"href":"https:\/\/zonaroja.com.mx\/index.php?rest_route=\/wp\/v2\/posts\/13802","targetHints":{"allow":["GET"]}}],"collection":[{"href":"https:\/\/zonaroja.com.mx\/index.php?rest_route=\/wp\/v2\/posts"}],"about":[{"href":"https:\/\/zonaroja.com.mx\/index.php?rest_route=\/wp\/v2\/types\/post"}],"author":[{"embeddable":true,"href":"https:\/\/zonaroja.com.mx\/index.php?rest_route=\/wp\/v2\/users\/2"}],"replies":[{"embeddable":true,"href":"https:\/\/zonaroja.com.mx\/index.php?rest_route=%2Fwp%2Fv2%2Fcomments&post=13802"}],"version-history":[{"count":1,"href":"https:\/\/zonaroja.com.mx\/index.php?rest_route=\/wp\/v2\/posts\/13802\/revisions"}],"predecessor-version":[{"id":13804,"href":"https:\/\/zonaroja.com.mx\/index.php?rest_route=\/wp\/v2\/posts\/13802\/revisions\/13804"}],"wp:featuredmedia":[{"embeddable":true,"href":"https:\/\/zonaroja.com.mx\/index.php?rest_route=\/wp\/v2\/media\/13803"}],"wp:attachment":[{"href":"https:\/\/zonaroja.com.mx\/index.php?rest_route=%2Fwp%2Fv2%2Fmedia&parent=13802"}],"wp:term":[{"taxonomy":"category","embeddable":true,"href":"https:\/\/zonaroja.com.mx\/index.php?rest_route=%2Fwp%2Fv2%2Fcategories&post=13802"},{"taxonomy":"post_tag","embeddable":true,"href":"https:\/\/zonaroja.com.mx\/index.php?rest_route=%2Fwp%2Fv2%2Ftags&post=13802"}],"curies":[{"name":"wp","href":"https:\/\/api.w.org\/{rel}","templated":true}]}}