{"id":13811,"date":"2020-06-16T15:55:50","date_gmt":"2020-06-16T20:55:50","guid":{"rendered":"http:\/\/www.zonaroja.com.mx\/?p=13811"},"modified":"2020-06-16T15:55:53","modified_gmt":"2020-06-16T20:55:53","slug":"exigen-feministas-justicia-para-fatima-piden-destitucion-del-fiscal","status":"publish","type":"post","link":"https:\/\/zonaroja.com.mx\/?p=13811","title":{"rendered":"Exigen feministas justicia para F\u00e1tima; piden destituci\u00f3n del fiscal"},"content":{"rendered":"\n<p>Evlin\nArag\u00f3n Zona Roja.<\/p>\n\n\n\n<p>Oaxaca\nde Ju\u00e1rez, Oax., 16 de junio de 2020.- \u201cEstamos hartas de escuchar discursos\nrele\u00eddos y acciones sin compromiso de parte de todas las dependencias de este\ngobierno estatal\u201d, refieren integrantes del colectivo Feministas Oaxaca como\nparte del reclamo de justicia ante el asesinato de F\u00e1tima, desaparecida desde\nel 2 de marzo en San Juan Bautista Tuxtepec y encontrada este fin de semana en\nuna fosa clandestina con signos de violencia sexual y tortura.<\/p>\n\n\n\n<p>En\nun comunicado emitido a trav\u00e9s de sus redes sociales evidenciaron, que en m\u00e1s\nde una ocasi\u00f3n el fiscal general, Rub\u00e9n Vasconcelos M\u00e9ndez, ha declarado que\nlas mujeres j\u00f3venes que desaparecen se van con el novio, situaci\u00f3n que impide\nla b\u00fasqueda de las mujeres de forma inmediata reduciendo la posibilidad de\nencontrarlas con vida.<\/p>\n\n\n\n<p>\u201cNosotras\nle decimos: No se van con el novio, son secuestradas para trata\u201d, refieren a la\npar que aseguran son cientos de mujeres desaparecidas en el estado de Oaxaca\nsin que parezca importarle la gravedad de la problem\u00e1tica a las autoridades\nestatales.<\/p>\n\n\n\n<p>En\nel caso de F\u00e1tima, la joven 18 a\u00f1os de edad fue reportada como desaparecida por\nsus familiares el 2 de marzo y no fue hasta tres d\u00edas despu\u00e9s que se emiti\u00f3 la\nficha de b\u00fasqueda, dejando pasar las primeras horas que son determinantes en la\nlocalizaci\u00f3n de personas desaparecidas.<\/p>\n\n\n\n<p>Al\ngobierno no le interesa la educaci\u00f3n, salud, seguridad y la vida de las ni\u00f1as y\nmujeres\u2026 NOSOTRAS NO DESAPARECEMOS, NOS DESAPARECEN. NOSOTRAS NO NOS MORIMOS,\nNOS MATAN\u201d, manifiestan.<\/p>\n\n\n\n<p>Por\nlo anterior, exigieron la destituci\u00f3n del fiscal Rub\u00e9n Vasconcelos M\u00e9ndez, ya\nque no ha respondido como se debe ante la obligaci\u00f3n del Estado de garantizar\nuna vida libre de violencias para las mujeres, y por el contrario la cifra de\nmujeres desaparecidas durante esta administraci\u00f3n es 804, mientras que los\nfeminicidios han llegado a los 428 casos de acuerdo con el recuento de\nConsorcio Oaxaca.<\/p>\n\n\n\n<p>Al\nreclamo de justicia tambi\u00e9n se uni\u00f3 el colectivo Mujeres de la Sal, quienes\nexigieron la intervenci\u00f3n oportuna y responsable de la Fiscal\u00eda para que el\ncaso no quede impune, ya que ha trascendido que existe una persona vinculada\npor los hechos.<\/p>\n\n\n\n<p>\u201cSabemos\nque hay un vinculado a proceso. Esperamos la aplicaci\u00f3n de los protocolos\ncorrespondiente para que caiga todo el peso de la ley a quien corresponda\u201d,\nrefieren en un breve comunicado.<\/p>\n\n\n\n<p>Mientras\nque la comunicadora Paola Sosa, quien comparte contenido noticioso a trav\u00e9s de\nsu perfil de Facebook, no s\u00f3lo lament\u00f3 los hechos, sino que alert\u00f3 a las\nj\u00f3venes de Tuxtepec sobre el modus operandi en los casos de F\u00e1tima y Casandra\nya que a ambas les ofrecieron trabajo por internet, las citaron en un lugar\nalejado y no volvieron m\u00e1s.<\/p>\n\n\n\n<p>Al\nigual que la usuaria Heide AR, quien public\u00f3 una conversaci\u00f3n con un presunto\nimplicado en los hechos, quien le ofreci\u00f3 empleo de cajera en una ferreter\u00eda y\nla cit\u00f3 en un lugar alejado para la entrevista, al cual afortunadamente no\nacudi\u00f3.<\/p>\n\n\n\n<p>\u201cNo\nacepten trabajos por redes sociales. El tal Julio P., me ofreci\u00f3 trabajo en\nmarzo de cajera en una ferreter\u00eda los \u00c1lamos. Gracias a Dios escuche a unos\namigos y mi mam\u00e1 d no ir, estaba muy retirado y estoy aqu\u00ed\u2026Tengo miedo, pero\nles quer\u00eda compartir esto. CUIDENSE CHAVAS\u201d, expone en su publicaci\u00f3n.<\/p>\n","protected":false},"excerpt":{"rendered":"<p>Evlin Arag\u00f3n Zona Roja. Oaxaca de Ju\u00e1rez, Oax., 16 de junio de 2020.- \u201cEstamos hartas&hellip;<\/p>\n","protected":false},"author":2,"featured_media":13812,"comment_status":"closed","ping_status":"open","sticky":false,"template":"","format":"standard","meta":{"_lmt_disableupdate":"","_lmt_disable":"","_jetpack_memberships_contains_paid_content":false,"footnotes":""},"categories":[109,47],"tags":[1389],"class_list":["post-13811","post","type-post","status-publish","format-standard","has-post-thumbnail","hentry","category-minuto-a-minuto","category-zona-gris","tag-feminicidio-fatima"],"jetpack_featured_media_url":"https:\/\/zonaroja.com.mx\/wp-content\/uploads\/2020\/06\/Fosas-Tuxtepec.jpg","jetpack_sharing_enabled":true,"_links":{"self":[{"href":"https:\/\/zonaroja.com.mx\/index.php?rest_route=\/wp\/v2\/posts\/13811","targetHints":{"allow":["GET"]}}],"collection":[{"href":"https:\/\/zonaroja.com.mx\/index.php?rest_route=\/wp\/v2\/posts"}],"about":[{"href":"https:\/\/zonaroja.com.mx\/index.php?rest_route=\/wp\/v2\/types\/post"}],"author":[{"embeddable":true,"href":"https:\/\/zonaroja.com.mx\/index.php?rest_route=\/wp\/v2\/users\/2"}],"replies":[{"embeddable":true,"href":"https:\/\/zonaroja.com.mx\/index.php?rest_route=%2Fwp%2Fv2%2Fcomments&post=13811"}],"version-history":[{"count":1,"href":"https:\/\/zonaroja.com.mx\/index.php?rest_route=\/wp\/v2\/posts\/13811\/revisions"}],"predecessor-version":[{"id":13813,"href":"https:\/\/zonaroja.com.mx\/index.php?rest_route=\/wp\/v2\/posts\/13811\/revisions\/13813"}],"wp:featuredmedia":[{"embeddable":true,"href":"https:\/\/zonaroja.com.mx\/index.php?rest_route=\/wp\/v2\/media\/13812"}],"wp:attachment":[{"href":"https:\/\/zonaroja.com.mx\/index.php?rest_route=%2Fwp%2Fv2%2Fmedia&parent=13811"}],"wp:term":[{"taxonomy":"category","embeddable":true,"href":"https:\/\/zonaroja.com.mx\/index.php?rest_route=%2Fwp%2Fv2%2Fcategories&post=13811"},{"taxonomy":"post_tag","embeddable":true,"href":"https:\/\/zonaroja.com.mx\/index.php?rest_route=%2Fwp%2Fv2%2Ftags&post=13811"}],"curies":[{"name":"wp","href":"https:\/\/api.w.org\/{rel}","templated":true}]}}