{"id":13814,"date":"2020-06-16T19:07:35","date_gmt":"2020-06-17T00:07:35","guid":{"rendered":"http:\/\/www.zonaroja.com.mx\/?p=13814"},"modified":"2020-06-16T19:19:22","modified_gmt":"2020-06-17T00:19:22","slug":"respaldan-cnte-inmujeres-y-la-onu-a-consorcio-oaxaca-tras-denuncia","status":"publish","type":"post","link":"https:\/\/zonaroja.com.mx\/?p=13814","title":{"rendered":"Respaldan CNTE, Inmujeres y la ONU a Consorcio Oaxaca, tras denuncia"},"content":{"rendered":"\n<p>Yuridiana\nSosa\/Zona Roja.<\/p>\n\n\n\n<p>Oaxaca\nde Ju\u00e1rez, Oax., 16 de junio de 2020.- M\u00e1s organismos nacionales e\ninternacionales se sumaron a la condena por las amenazas en contra de la\norganizaci\u00f3n Consorcio Oaxaca y en recriminaci\u00f3n al Gobierno del Estado por no\natender la queja y garantizar los derechos y la seguridad de los ciudadanos.<\/p>\n\n\n\n<p>\u201cLa\nONU Derechos Humanos en M\u00e9xico condena la amenaza dirigida a Consorcio y hace\nun llamado al gobierno de Oaxaca a garantizar la seguridad y protecci\u00f3n de las\ndefensoras de derechos humanos de dicha organizaci\u00f3n ante las amenazas\nrecibidas\u201d, dijo el organismo internacional con sede en el pa\u00eds.<\/p>\n\n\n\n<p>\u201cCondenamos la amenaza recibida por la organizaci\u00f3n feminista Consorcio Oaxaca e instamos a las autoridades a garantizar la seguridad e integridad de sus integrantes. No a la violencia contra las mujeres\u201d, difundi\u00f3 a su vez ONU Mujeres.<\/p>\n\n\n\n<figure class=\"wp-block-embed-twitter wp-block-embed is-type-rich is-provider-twitter\"><div class=\"wp-block-embed__wrapper\">\n<div class=\"twitter-tweet\"><blockquote class=\"twitter-tweet\" data-lang=\"es\"><p lang=\"und\" dir=\"ltr\"><a href=\"https:\/\/twitter.com\/hashtag\/LasRedesSalvan?src=hash&amp;ref_src=twsrc%5Etfw\">#LasRedesSalvan<\/a><br> <a href=\"https:\/\/twitter.com\/hashtag\/NoEstamosSolas?src=hash&amp;ref_src=twsrc%5Etfw\">#NoEstamosSolas<\/a> <a href=\"https:\/\/twitter.com\/GobiernoMX?ref_src=twsrc%5Etfw\">@GobiernoMX<\/a> <a href=\"https:\/\/twitter.com\/SEGOB_mx?ref_src=twsrc%5Etfw\">@SEGOB_mx<\/a> <a href=\"https:\/\/twitter.com\/GobOax?ref_src=twsrc%5Etfw\">@GobOax<\/a> <a href=\"https:\/\/twitter.com\/FISCALIA_GobOax?ref_src=twsrc%5Etfw\">@FISCALIA_GobOax<\/a>  <a href=\"https:\/\/twitter.com\/lopezobrador_?ref_src=twsrc%5Etfw\">@lopezobrador_<\/a>  <a href=\"https:\/\/twitter.com\/M_OlgaSCordero?ref_src=twsrc%5Etfw\">@M_OlgaSCordero<\/a>  <a href=\"https:\/\/twitter.com\/A_Encinas_R?ref_src=twsrc%5Etfw\">@A_Encinas_R<\/a> <a href=\"https:\/\/twitter.com\/alejandromurat?ref_src=twsrc%5Etfw\">@alejandromurat<\/a> <a href=\"https:\/\/twitter.com\/RVasconcelosM?ref_src=twsrc%5Etfw\">@RVasconcelosM<\/a>  <a href=\"https:\/\/twitter.com\/SSP_GobOax?ref_src=twsrc%5Etfw\">@SSP_GobOax<\/a><a href=\"https:\/\/twitter.com\/AristeguiOnline?ref_src=twsrc%5Etfw\">@AristeguiOnline<\/a> <a href=\"https:\/\/twitter.com\/lydiacachosi?ref_src=twsrc%5Etfw\">@lydiacachosi<\/a> <a href=\"https:\/\/twitter.com\/SinEmbargoMX?ref_src=twsrc%5Etfw\">@SinEmbargoMX<\/a> <a href=\"https:\/\/twitter.com\/Pajaropolitico?ref_src=twsrc%5Etfw\">@Pajaropolitico<\/a> <a href=\"https:\/\/twitter.com\/nvinoticiasoax?ref_src=twsrc%5Etfw\">@nvinoticiasoax<\/a>  <a href=\"https:\/\/twitter.com\/ImparcialOaxaca?ref_src=twsrc%5Etfw\">@ImparcialOaxaca<\/a>  <a href=\"https:\/\/twitter.com\/mileniotv?ref_src=twsrc%5Etfw\">@mileniotv<\/a> <a href=\"https:\/\/t.co\/ZC6hvipGwK\">https:\/\/t.co\/ZC6hvipGwK<\/a><\/p>&mdash; Consorcio Oaxaca (@consorciooaxaca) <a href=\"https:\/\/twitter.com\/consorciooaxaca\/status\/1272979527753519104?ref_src=twsrc%5Etfw\">16 de junio de 2020<\/a><\/blockquote><\/div>\n<\/div><\/figure>\n\n\n\n<p>En\ntanto, el Instituto Nacional de las Mujeres (Inmujeres) tambi\u00e9n se pronunci\u00f3 al\nrespecto y dijo que comparte \u201cla profunda preocupaci\u00f3n por los constantes\nataques hacia Soledad Jarqu\u00edn Edgar, feminista y defensora de los derechos\nhumanos de las mujeres, quien desde hace varias semanas impulsa la campa\u00f1a \u2018Hasta\nque la justicia llegue\u2019, por el asesinato de su hija Mar\u00eda del Sol Cruz Jarqu\u00edn\nocurrido en junio de 2018.<\/p>\n\n\n\n<p>\u201cLas\nacciones intimidantes de las que hoy tuvimos conocimiento son actos que incitan\na descalificar, restringir, reprimir y silenciar las voces de quienes tienen\nuna labor fundamental para defender a las v\u00edctimas de violaciones de derechos\nhumanos, proteger el acceso a la justicia y combatir la impunidad y la\ncorrupci\u00f3n que tanto lacera a nuestro pa\u00eds.<\/p>\n\n\n\n<p>\u201cPor ello, desde el Inmujeres hacemos un atento llamado para que las autoridades competentes otorguen las medidas necesarias de prevenci\u00f3n, as\u00ed como medidas cautelares de protecci\u00f3n que garanticen la vida, la integridad, la libertad y la seguridad de las compa\u00f1eras de Consorcio para el Di\u00e1logo, a quienes acompa\u00f1amos y unimos nuestra voz en la exigencia de justicia y una vida libre de violencia.<\/p>\n\n\n\n<figure class=\"wp-block-embed-twitter wp-block-embed is-type-rich is-provider-twitter\"><div class=\"wp-block-embed__wrapper\">\n<div class=\"twitter-tweet\"><blockquote class=\"twitter-tweet\" data-lang=\"es\"><p lang=\"und\" dir=\"ltr\"><a href=\"https:\/\/twitter.com\/hashtag\/LasRedesSalvan?src=hash&amp;ref_src=twsrc%5Etfw\">#LasRedesSalvan<\/a><br> <a href=\"https:\/\/twitter.com\/hashtag\/NoEstamosSolas?src=hash&amp;ref_src=twsrc%5Etfw\">#NoEstamosSolas<\/a> <a href=\"https:\/\/twitter.com\/GobiernoMX?ref_src=twsrc%5Etfw\">@GobiernoMX<\/a> <a href=\"https:\/\/twitter.com\/SEGOB_mx?ref_src=twsrc%5Etfw\">@SEGOB_mx<\/a> <a href=\"https:\/\/twitter.com\/GobOax?ref_src=twsrc%5Etfw\">@GobOax<\/a> <a href=\"https:\/\/twitter.com\/FISCALIA_GobOax?ref_src=twsrc%5Etfw\">@FISCALIA_GobOax<\/a>  <a href=\"https:\/\/twitter.com\/lopezobrador_?ref_src=twsrc%5Etfw\">@lopezobrador_<\/a>  <a href=\"https:\/\/twitter.com\/M_OlgaSCordero?ref_src=twsrc%5Etfw\">@M_OlgaSCordero<\/a>  <a href=\"https:\/\/twitter.com\/A_Encinas_R?ref_src=twsrc%5Etfw\">@A_Encinas_R<\/a> <a href=\"https:\/\/twitter.com\/alejandromurat?ref_src=twsrc%5Etfw\">@alejandromurat<\/a> <a href=\"https:\/\/twitter.com\/RVasconcelosM?ref_src=twsrc%5Etfw\">@RVasconcelosM<\/a>  <a href=\"https:\/\/twitter.com\/SSP_GobOax?ref_src=twsrc%5Etfw\">@SSP_GobOax<\/a><a href=\"https:\/\/twitter.com\/rne?ref_src=twsrc%5Etfw\">@rne<\/a> <a href=\"https:\/\/twitter.com\/CaracolRadio?ref_src=twsrc%5Etfw\">@CaracolRadio<\/a> <a href=\"https:\/\/twitter.com\/radio3_rne?ref_src=twsrc%5Etfw\">@radio3_rne<\/a> <a href=\"https:\/\/twitter.com\/bbcnewcastle?ref_src=twsrc%5Etfw\">@bbcnewcastle<\/a> <a href=\"https:\/\/twitter.com\/RadioX?ref_src=twsrc%5Etfw\">@RadioX<\/a> <a href=\"https:\/\/twitter.com\/ladiaria?ref_src=twsrc%5Etfw\">@ladiaria<\/a> <a href=\"https:\/\/twitter.com\/Nacion321?ref_src=twsrc%5Etfw\">@Nacion321<\/a> <a href=\"https:\/\/twitter.com\/LaRazon_mx?ref_src=twsrc%5Etfw\">@LaRazon_mx<\/a> <a href=\"https:\/\/twitter.com\/el_pais?ref_src=twsrc%5Etfw\">@el_pais<\/a> <a href=\"https:\/\/twitter.com\/mileniotv?ref_src=twsrc%5Etfw\">@mileniotv<\/a> <a href=\"https:\/\/t.co\/meAVVylZZW\">https:\/\/t.co\/meAVVylZZW<\/a><\/p>&mdash; Consorcio Oaxaca (@consorciooaxaca) <a href=\"https:\/\/twitter.com\/consorciooaxaca\/status\/1272973481135804421?ref_src=twsrc%5Etfw\">16 de junio de 2020<\/a><\/blockquote><\/div>\n<\/div><\/figure>\n\n\n\n<p>TAMBI\u00c9N\nSECCI\u00d3N 22<\/p>\n\n\n\n<p>Tambi\u00e9n\nla Secci\u00f3n 22 adherida a &nbsp;la Coordinadora\nNacional de los Trabajadores de la Educaci\u00f3n (CNTE) manifest\u00f3 su respaldo y\nsolidaridad.<\/p>\n\n\n\n<p>Exigi\u00f3\nun alto a las constantes amenazas y persecuci\u00f3n de los defensores de los\nderechos humanos en la entidad, por lo que demand\u00f3 a las autoridades estatales\ny federales ejercer sus funciones.<\/p>\n\n\n\n<p>En\nun comunicado, la gremial se dirigi\u00f3 al gobernador Alejandro Murat, a la\nFiscal\u00eda General de Oaxaca, Fiscal\u00eda General de la Rep\u00fablica, Secretar\u00eda de\nGobernaci\u00f3n de M\u00e9xico y Secretar\u00eda de Seguridad P\u00fablica de Oaxaca para resolver\nlos casos impunes en meter\u00eda de la defensa de los derechos en la entidad de los\na\u00f1os.<\/p>\n\n\n\n<p>El Movimiento Democr\u00e1tico de los Trabajadores de la Educaci\u00f3n de Oaxaca calific\u00f3 como grave la situaci\u00f3n que se enfrentan las integrantes de Consorcio para el Di\u00e1logo y la Equidad de Oaxaca, para quienes tambi\u00e9n demandaron seguridad.<\/p>\n\n\n\n<p>A la condena se han sumado decenas de organismos civiles, de defensa de derechos humanos y de periodistas en la Rep\u00fablica Mexicana.<\/p>\n\n\n\n<figure class=\"wp-block-embed-twitter wp-block-embed is-type-rich is-provider-twitter\"><div class=\"wp-block-embed__wrapper\">\n<div class=\"twitter-tweet\"><blockquote class=\"twitter-tweet\" data-lang=\"es\"><p lang=\"und\" dir=\"ltr\"><a href=\"https:\/\/twitter.com\/hashtag\/LasRedesSalvan?src=hash&amp;ref_src=twsrc%5Etfw\">#LasRedesSalvan<\/a><br> <a href=\"https:\/\/twitter.com\/hashtag\/NoEstamosSolas?src=hash&amp;ref_src=twsrc%5Etfw\">#NoEstamosSolas<\/a> <a href=\"https:\/\/twitter.com\/GobiernoMX?ref_src=twsrc%5Etfw\">@GobiernoMX<\/a> <a href=\"https:\/\/twitter.com\/SEGOB_mx?ref_src=twsrc%5Etfw\">@SEGOB_mx<\/a> <a href=\"https:\/\/twitter.com\/GobOax?ref_src=twsrc%5Etfw\">@GobOax<\/a> <a href=\"https:\/\/twitter.com\/FISCALIA_GobOax?ref_src=twsrc%5Etfw\">@FISCALIA_GobOax<\/a>  <a href=\"https:\/\/twitter.com\/lopezobrador_?ref_src=twsrc%5Etfw\">@lopezobrador_<\/a>  <a href=\"https:\/\/twitter.com\/M_OlgaSCordero?ref_src=twsrc%5Etfw\">@M_OlgaSCordero<\/a>  <a href=\"https:\/\/twitter.com\/A_Encinas_R?ref_src=twsrc%5Etfw\">@A_Encinas_R<\/a> <a href=\"https:\/\/twitter.com\/alejandromurat?ref_src=twsrc%5Etfw\">@alejandromurat<\/a> <a href=\"https:\/\/twitter.com\/RVasconcelosM?ref_src=twsrc%5Etfw\">@RVasconcelosM<\/a>  <a href=\"https:\/\/twitter.com\/SSP_GobOax?ref_src=twsrc%5Etfw\">@SSP_GobOax<\/a><a href=\"https:\/\/twitter.com\/AristeguiOnline?ref_src=twsrc%5Etfw\">@AristeguiOnline<\/a> <a href=\"https:\/\/twitter.com\/lydiacachosi?ref_src=twsrc%5Etfw\">@lydiacachosi<\/a> <a href=\"https:\/\/twitter.com\/SinEmbargoMX?ref_src=twsrc%5Etfw\">@SinEmbargoMX<\/a> <a href=\"https:\/\/twitter.com\/Pajaropolitico?ref_src=twsrc%5Etfw\">@Pajaropolitico<\/a> <a href=\"https:\/\/twitter.com\/nvinoticiasoax?ref_src=twsrc%5Etfw\">@nvinoticiasoax<\/a>  <a href=\"https:\/\/twitter.com\/ImparcialOaxaca?ref_src=twsrc%5Etfw\">@ImparcialOaxaca<\/a>  <a href=\"https:\/\/twitter.com\/mileniotv?ref_src=twsrc%5Etfw\">@mileniotv<\/a> <a href=\"https:\/\/t.co\/ibF9umYRrs\">https:\/\/t.co\/ibF9umYRrs<\/a><\/p>&mdash; Consorcio Oaxaca (@consorciooaxaca) <a href=\"https:\/\/twitter.com\/consorciooaxaca\/status\/1273003718829641736?ref_src=twsrc%5Etfw\">16 de junio de 2020<\/a><\/blockquote><\/div>\n<\/div><\/figure>\n","protected":false},"excerpt":{"rendered":"<p>Yuridiana Sosa\/Zona Roja. Oaxaca de Ju\u00e1rez, Oax., 16 de junio de 2020.- M\u00e1s organismos nacionales&hellip;<\/p>\n","protected":false},"author":2,"featured_media":13815,"comment_status":"closed","ping_status":"open","sticky":false,"template":"","format":"standard","meta":{"_lmt_disableupdate":"","_lmt_disable":"","_jetpack_memberships_contains_paid_content":false,"footnotes":""},"categories":[109,47],"tags":[548],"class_list":["post-13814","post","type-post","status-publish","format-standard","has-post-thumbnail","hentry","category-minuto-a-minuto","category-zona-gris","tag-consorcio-oaxaca"],"jetpack_featured_media_url":"https:\/\/zonaroja.com.mx\/wp-content\/uploads\/2020\/06\/Consorcio-Oaxaca.jpg","jetpack_sharing_enabled":true,"_links":{"self":[{"href":"https:\/\/zonaroja.com.mx\/index.php?rest_route=\/wp\/v2\/posts\/13814","targetHints":{"allow":["GET"]}}],"collection":[{"href":"https:\/\/zonaroja.com.mx\/index.php?rest_route=\/wp\/v2\/posts"}],"about":[{"href":"https:\/\/zonaroja.com.mx\/index.php?rest_route=\/wp\/v2\/types\/post"}],"author":[{"embeddable":true,"href":"https:\/\/zonaroja.com.mx\/index.php?rest_route=\/wp\/v2\/users\/2"}],"replies":[{"embeddable":true,"href":"https:\/\/zonaroja.com.mx\/index.php?rest_route=%2Fwp%2Fv2%2Fcomments&post=13814"}],"version-history":[{"count":2,"href":"https:\/\/zonaroja.com.mx\/index.php?rest_route=\/wp\/v2\/posts\/13814\/revisions"}],"predecessor-version":[{"id":13817,"href":"https:\/\/zonaroja.com.mx\/index.php?rest_route=\/wp\/v2\/posts\/13814\/revisions\/13817"}],"wp:featuredmedia":[{"embeddable":true,"href":"https:\/\/zonaroja.com.mx\/index.php?rest_route=\/wp\/v2\/media\/13815"}],"wp:attachment":[{"href":"https:\/\/zonaroja.com.mx\/index.php?rest_route=%2Fwp%2Fv2%2Fmedia&parent=13814"}],"wp:term":[{"taxonomy":"category","embeddable":true,"href":"https:\/\/zonaroja.com.mx\/index.php?rest_route=%2Fwp%2Fv2%2Fcategories&post=13814"},{"taxonomy":"post_tag","embeddable":true,"href":"https:\/\/zonaroja.com.mx\/index.php?rest_route=%2Fwp%2Fv2%2Ftags&post=13814"}],"curies":[{"name":"wp","href":"https:\/\/api.w.org\/{rel}","templated":true}]}}