{"id":13821,"date":"2020-06-16T21:01:23","date_gmt":"2020-06-17T02:01:23","guid":{"rendered":"http:\/\/www.zonaroja.com.mx\/?p=13821"},"modified":"2020-06-16T21:01:27","modified_gmt":"2020-06-17T02:01:27","slug":"van-11-tuxtepecanas-desaparecidas-y-no-localizadas-en-un-ano-son-21-en-la-region","status":"publish","type":"post","link":"https:\/\/zonaroja.com.mx\/?p=13821","title":{"rendered":"Van 11 tuxtepecanas desaparecidas y no localizadas en un a\u00f1o; son 21 en la regi\u00f3n"},"content":{"rendered":"\n<p>Yuridiana\nSosa\/Zona Roja.<\/p>\n\n\n\n<p>San\nJuan Bautista Tuxtepec, Oax., 16 de junio de 2020.- Las fichas de b\u00fasqueda para\nla localizaci\u00f3n de Casandra, F\u00e1tima e Itzel, de Tuxtepec, siguen vigentes hasta\neste d\u00eda en la Unidad respectiva de la Fiscal\u00eda General de Oaxaca.<\/p>\n\n\n\n<p>Pero\njunto con ellas tres, en el transcurso de un a\u00f1o &#8211;entre los meses de junio de\n2019 y junio de 2020&#8211; otras ocho j\u00f3venes de San Juan Bautista Tuxtepec fueron\nreportadas como desaparecidas, y hasta la fecha no localizadas.<\/p>\n\n\n\n<p>A\nla cifra de las tuxtepecanas se suman otra decena de mujeres en la regi\u00f3n de la\nCuenca del Papaloapan, con un acumulado total de 21 ni\u00f1as, adolescentes y\nmujeres a las que sus familias las siguen esperando regresen a casa.<\/p>\n\n\n\n<p>Son\nhijas, esposas y madres que desaparecieron de la v\u00eda p\u00fablica mientras acud\u00edan a\nsus casas, trabajos o para actividades de esparcimiento.<\/p>\n\n\n\n<p>En\nTuxtepec, antes de la desaparici\u00f3n en mayo de Casandra Ram\u00edrez, de 23 a\u00f1os; de\nItzel Gonz\u00e1lez, de 20 a\u00f1os, en abril, y F\u00e1tima Palacios, de 18 a\u00f1os, en marzo,\nse report\u00f3 la no localizaci\u00f3n de Adriana Ram\u00edrez Mat\u00edas de 38 a\u00f1os, el 16 de\nfebrero.<\/p>\n\n\n\n<p>Marina\ndel Toro L\u00f3pez, de 28 a\u00f1os, tambi\u00e9n desapareci\u00f3 el 5 de enero de este a\u00f1o;\nSusana Vicente Francisco, de 47 a\u00f1os, el 3 de octubre; \u00c1ngela Hern\u00e1ndez, de 19\na\u00f1os, el 29 de septiembre; Lluvia Hern\u00e1ndez, de 12 a\u00f1os el 1 de septiembre;\nIsis Alejandra L\u00f3pez Flores, de 30 a\u00f1os, el 20 de agosto.<\/p>\n\n\n\n<p>Rosario\nHern\u00e1ndez, de 33 a\u00f1os, junto con su menor hijo, el 4 de julio, as\u00ed como,\nAracely Mart\u00ednez Tejeda, de 18 a\u00f1os junto con su hijo de cinco a\u00f1os, el 4 de\njulio.<\/p>\n\n\n\n<p>La\ninseguridad tambi\u00e9n golpeo a las familias de otros municipios con la\ndesaparici\u00f3n de Raquel Tejeda, de 23 a\u00f1os, el 18 de agosto de 2019 en Jalapa de\nD\u00edaz. Tambi\u00e9n en esa localidad se report\u00f3 vista por \u00faltima vez a Erika Mart\u00ednez\nde 15 a\u00f1os, el 1 de julio.<\/p>\n\n\n\n<p>De\nSan Lucas Ojitl\u00e1n contin\u00faa la b\u00fasqueda para Aracely y Lorena Isidro Lucas, de\n18 a\u00f1os y 17 a\u00f1os de edad, y de Nurinarda Francisco Gregorio, de 34 a\u00f1os&nbsp; desaparecidas el 22 de agosto de 2019.<\/p>\n\n\n\n<p>En\nLoma Bonita buscan a Mariana Alvarado, de 16 a\u00f1os, vista por \u00faltima vez el 30\nde noviembre de 2019; en Acatl\u00e1n de P\u00e9rez Figueroa desaparecieron tres ni\u00f1as,\nel 23 de septiembre, y en San Miguel Soyaltepec, Magnolia Gregorio. de 26 a\u00f1os,\nel 12 de octubre de 2019.<\/p>\n\n\n\n<p>HOMBRES\nTAMBI\u00c9N SON V\u00cdCTIMAS<\/p>\n\n\n\n<p>Hombres\nadultos, adolescentes y ni\u00f1os tambi\u00e9n son v\u00edctimas de las desapariciones en la\nregi\u00f3n de la Cuenca, de los que al menos en el lapso de un a\u00f1o se mantiene la\nficha de b\u00fasqueda para 40 varones.<\/p>\n\n\n\n<p>Tan\ns\u00f3lo en el municipio de San Juan Bautista Tuxtepec mantienen la b\u00fasqueda para\n15 varones; el caso m\u00e1s reciente para localizar a Ramiro Herrera Castro, de 19\na\u00f1os de edad, desaparecido el 17 de mayo en la colonia Santa Clara.<\/p>\n\n\n\n<p>En\nla lista de fichas se ubica a Oliver Eliseo M\u00e1rquez, de 17 a\u00f1os, visto por\n\u00faltima vez el 4 de abril, as\u00ed como a Ulises Castro V\u00e1squez, de 19 a\u00f1os,\ndesaparecido el 23 de octubre, y la de Juan Carlos Carmona, de 17 a\u00f1os, el 29\nde julio, entre los varones m\u00e1s j\u00f3venes, v\u00edctimas de las desapariciones\nforzadas.<\/p>\n\n\n\n<p>En\nel caso de los hombres, se ubican tambi\u00e9n en los municipios de Valle Nacional,\nLoma Bonita, Jalapa de D\u00edaz, Ojitl\u00e1n, Acatl\u00e1n de P\u00e9rez Figueroa, Soyaltepec,\nSan Jos\u00e9 Chiltepec y San Pedro Ixcatl\u00e1n.<\/p>\n","protected":false},"excerpt":{"rendered":"<p>Yuridiana Sosa\/Zona Roja. San Juan Bautista Tuxtepec, Oax., 16 de junio de 2020.- Las fichas&hellip;<\/p>\n","protected":false},"author":2,"featured_media":13822,"comment_status":"closed","ping_status":"open","sticky":false,"template":"","format":"standard","meta":{"_lmt_disableupdate":"","_lmt_disable":"","_jetpack_memberships_contains_paid_content":false,"footnotes":""},"categories":[109,47],"tags":[642],"class_list":["post-13821","post","type-post","status-publish","format-standard","has-post-thumbnail","hentry","category-minuto-a-minuto","category-zona-gris","tag-personas-desaparecidas-oaxaca"],"jetpack_featured_media_url":"https:\/\/zonaroja.com.mx\/wp-content\/uploads\/2020\/06\/Desaparecidas-Cuenca.jpg","jetpack_sharing_enabled":true,"_links":{"self":[{"href":"https:\/\/zonaroja.com.mx\/index.php?rest_route=\/wp\/v2\/posts\/13821","targetHints":{"allow":["GET"]}}],"collection":[{"href":"https:\/\/zonaroja.com.mx\/index.php?rest_route=\/wp\/v2\/posts"}],"about":[{"href":"https:\/\/zonaroja.com.mx\/index.php?rest_route=\/wp\/v2\/types\/post"}],"author":[{"embeddable":true,"href":"https:\/\/zonaroja.com.mx\/index.php?rest_route=\/wp\/v2\/users\/2"}],"replies":[{"embeddable":true,"href":"https:\/\/zonaroja.com.mx\/index.php?rest_route=%2Fwp%2Fv2%2Fcomments&post=13821"}],"version-history":[{"count":1,"href":"https:\/\/zonaroja.com.mx\/index.php?rest_route=\/wp\/v2\/posts\/13821\/revisions"}],"predecessor-version":[{"id":13823,"href":"https:\/\/zonaroja.com.mx\/index.php?rest_route=\/wp\/v2\/posts\/13821\/revisions\/13823"}],"wp:featuredmedia":[{"embeddable":true,"href":"https:\/\/zonaroja.com.mx\/index.php?rest_route=\/wp\/v2\/media\/13822"}],"wp:attachment":[{"href":"https:\/\/zonaroja.com.mx\/index.php?rest_route=%2Fwp%2Fv2%2Fmedia&parent=13821"}],"wp:term":[{"taxonomy":"category","embeddable":true,"href":"https:\/\/zonaroja.com.mx\/index.php?rest_route=%2Fwp%2Fv2%2Fcategories&post=13821"},{"taxonomy":"post_tag","embeddable":true,"href":"https:\/\/zonaroja.com.mx\/index.php?rest_route=%2Fwp%2Fv2%2Ftags&post=13821"}],"curies":[{"name":"wp","href":"https:\/\/api.w.org\/{rel}","templated":true}]}}