{"id":13824,"date":"2020-06-16T21:27:32","date_gmt":"2020-06-17T02:27:32","guid":{"rendered":"http:\/\/www.zonaroja.com.mx\/?p=13824"},"modified":"2020-06-16T21:27:35","modified_gmt":"2020-06-17T02:27:35","slug":"tiene-conalep-oaxaca-espacio-radiofonico-en-la-region-del-istmo","status":"publish","type":"post","link":"https:\/\/zonaroja.com.mx\/?p=13824","title":{"rendered":"Tiene Conalep Oaxaca espacio radiof\u00f3nico en la regi\u00f3n del Istmo"},"content":{"rendered":"\n<p>Redacci\u00f3n\/Zona\nRoja.<\/p>\n\n\n\n<p>Oaxaca\nde Ju\u00e1rez, Oax., 16 de junio de 2020.- A fin de establecer alternativas de\ncomunicaci\u00f3n eficientes y con enfoque acad\u00e9mico, la representaci\u00f3n del Colegio\nNacional de Educaci\u00f3n Profesional (Conalep), en Oaxaca a trav\u00e9s del plantel 243\ncon sede en Juchit\u00e1n, inaugur\u00f3 el espacio radiof\u00f3nico denominado \u00abConalep\nJoven\u00bb.<\/p>\n\n\n\n<p>La\nemisi\u00f3n se transmite los domingos por la frecuencia del 89.5 de FM en Radio \u201cBinniz\u00e1\u201d\nen la regi\u00f3n del Istmo de Tehuantepec.<\/p>\n\n\n\n<p>Lo\nanterior se concret\u00f3 debido a las restricciones sanitarias por efectos de la\ncontingencia por Covid-19, y gracias a la apertura de los medios de\ncomunicaci\u00f3n con fines de car\u00e1cter educativo, con el objetivo de crear puentes\nde comunicaci\u00f3n entre sociedad e instituciones de educaci\u00f3n media superior.<\/p>\n\n\n\n<p>El\nprograma radial tiene como objetivo transmitir a la sociedad, pero\nprincipalmente a los j\u00f3venes, contenidos educativos acompa\u00f1ados de historias de\n\u00e9xito de estudiantes del Conalep, as\u00ed como informaci\u00f3n de las \u00e1reas de\noportunidad acad\u00e9mica y carreras con especialidades de mayor demanda en el\npa\u00eds, las cuales ofrecen mejores oportunidades de desarrollo profesional para\nlas y los estudiantes. <\/p>\n\n\n\n<p>Asimismo,\ncon un concepto vanguardista creado por directivos del plantel Conalep 243,\nincluye informaci\u00f3n cultural, econ\u00f3mica, sexual, financiera y de salud, que\nbusca coadyuvar al fortalecimiento de los valores sociales, con la\nparticipaci\u00f3n de personal docente, administrativo y estudiantil, con el apoyo\nesencial de comunicadores y empresas period\u00edsticas.<\/p>\n\n\n\n<p>Cabe\nmencionar que la emisora local, cuenta con una amplia cobertura en la regi\u00f3n y\nofrece una amplia variedad de recursos multimedia mediante plataformas\ndigitales establecidas en redes sociales.<\/p>\n\n\n\n<p>La\niniciativa contempla su aplicaci\u00f3n en los seis planteles del Conalep en la\nentidad.<\/p>\n\n\n\n<p>REFERENTE\nEDUCATIVO <\/p>\n\n\n\n<p>Al\nparticipar en la segunda emisi\u00f3n del programa, el Director General del Conalep,\nEnrique Ku Herrera, aplaudi\u00f3 la iniciativa de difusi\u00f3n de la instituci\u00f3n en Oaxaca,\nque mediante su esfuerzo y visi\u00f3n de futuro se colocan a nivel nacional como un\nreferente educativo dentro de los planteles de la instituci\u00f3n a su cargo.<\/p>\n\n\n\n<p>Explic\u00f3\nque el uso puntual y correcto de los canales de comunicaci\u00f3n, se adec\u00faa con los\nobjetivos del Conalep, que se enfocan principalmente en la formaci\u00f3n educativa\nmediante un modelo basado en competencias y el modelo mexicano de formaci\u00f3n\ndual que buscan la profesionalizaci\u00f3n de las y los estudiantes.<\/p>\n\n\n\n<p>\u00abEl\nsistema de educaci\u00f3n dual, es un sistema europeo que han adoptado pa\u00edses\ndesarrollados, se trata de incorporar a estudiantes de \u00e1reas t\u00e9cnicas en\nactividades laborales directas, esa es la propuesta del colegio\u00bb,\npuntualiz\u00f3.<\/p>\n\n\n\n<p>Sostuvo\nque el Conalep mantiene m\u00e1s de tres mil convenios de colaboraci\u00f3n con empresas\ny dependencias gubernamentales a nivel nacional, donde destaca la cooperaci\u00f3n\ncon el Consejo Nacional de Fomento Educativo, que permitir\u00e1 contratar a 30 mil\nestudiantes para actividades docentes, en comunidades ind\u00edgenas mediante becas\necon\u00f3micas que coadyuven a culminar sus estudios de nivel superior.<\/p>\n\n\n\n<p>En\notro orden de ideas, adelant\u00f3 que el regreso a clases en los planteles\neducativos ser\u00e1 gradual y con el uso de herramientas tecnol\u00f3gicas que no\nexpongan a las y los alumnos, ajustando el calendario escolar y medidas\nsanitarias en coordinaci\u00f3n con la Secretar\u00eda de Educaci\u00f3n P\u00fablica (SEP).<\/p>\n\n\n\n<p>\u00abTenemos\nque reconocer que las herramientas tecnol\u00f3gicas durante la emergencia nacional\nson de gran utilidad y tenemos que adaptarnos a este sistema hasta que existan\ncondiciones para un regreso total a las actividades escolares\u00bb, concluy\u00f3.<\/p>\n","protected":false},"excerpt":{"rendered":"<p>Redacci\u00f3n\/Zona Roja. Oaxaca de Ju\u00e1rez, Oax., 16 de junio de 2020.- A fin de establecer&hellip;<\/p>\n","protected":false},"author":2,"featured_media":13825,"comment_status":"closed","ping_status":"open","sticky":false,"template":"","format":"standard","meta":{"_lmt_disableupdate":"","_lmt_disable":"","_jetpack_memberships_contains_paid_content":false,"footnotes":""},"categories":[109,46],"tags":[1763],"class_list":["post-13824","post","type-post","status-publish","format-standard","has-post-thumbnail","hentry","category-minuto-a-minuto","category-zona-blanca","tag-colegio-nacional-de-educacion-profesional-conalep"],"jetpack_featured_media_url":"https:\/\/zonaroja.com.mx\/wp-content\/uploads\/2020\/06\/Conalep.jpg","jetpack_sharing_enabled":true,"_links":{"self":[{"href":"https:\/\/zonaroja.com.mx\/index.php?rest_route=\/wp\/v2\/posts\/13824","targetHints":{"allow":["GET"]}}],"collection":[{"href":"https:\/\/zonaroja.com.mx\/index.php?rest_route=\/wp\/v2\/posts"}],"about":[{"href":"https:\/\/zonaroja.com.mx\/index.php?rest_route=\/wp\/v2\/types\/post"}],"author":[{"embeddable":true,"href":"https:\/\/zonaroja.com.mx\/index.php?rest_route=\/wp\/v2\/users\/2"}],"replies":[{"embeddable":true,"href":"https:\/\/zonaroja.com.mx\/index.php?rest_route=%2Fwp%2Fv2%2Fcomments&post=13824"}],"version-history":[{"count":1,"href":"https:\/\/zonaroja.com.mx\/index.php?rest_route=\/wp\/v2\/posts\/13824\/revisions"}],"predecessor-version":[{"id":13826,"href":"https:\/\/zonaroja.com.mx\/index.php?rest_route=\/wp\/v2\/posts\/13824\/revisions\/13826"}],"wp:featuredmedia":[{"embeddable":true,"href":"https:\/\/zonaroja.com.mx\/index.php?rest_route=\/wp\/v2\/media\/13825"}],"wp:attachment":[{"href":"https:\/\/zonaroja.com.mx\/index.php?rest_route=%2Fwp%2Fv2%2Fmedia&parent=13824"}],"wp:term":[{"taxonomy":"category","embeddable":true,"href":"https:\/\/zonaroja.com.mx\/index.php?rest_route=%2Fwp%2Fv2%2Fcategories&post=13824"},{"taxonomy":"post_tag","embeddable":true,"href":"https:\/\/zonaroja.com.mx\/index.php?rest_route=%2Fwp%2Fv2%2Ftags&post=13824"}],"curies":[{"name":"wp","href":"https:\/\/api.w.org\/{rel}","templated":true}]}}