{"id":13827,"date":"2020-06-16T21:47:54","date_gmt":"2020-06-17T02:47:54","guid":{"rendered":"http:\/\/www.zonaroja.com.mx\/?p=13827"},"modified":"2020-06-16T21:47:57","modified_gmt":"2020-06-17T02:47:57","slug":"diezma-el-covid-19-al-personal-medico-ya-son-casi-700-casos","status":"publish","type":"post","link":"https:\/\/zonaroja.com.mx\/?p=13827","title":{"rendered":"Diezma el Covid-19 al personal m\u00e9dico; ya son casi 700 casos"},"content":{"rendered":"\n<p>Redacci\u00f3n\/Zona\nRoja.<\/p>\n\n\n\n<p>Oaxaca\nde Ju\u00e1rez, Oax. 16 de junio de 2020.- En las \u00faltimas 24 horas, Oaxaca registr\u00f3\n23 defunciones y 124 nuevos casos de Covid-19.<\/p>\n\n\n\n<p>Uno\nde los sectores m\u00e1s golpeados por la pandemia es el de trabajadores de la\nsalud; a la fecha suman 682 casos positivos, de los cuales 247 son m\u00e9dicos, 287\nenfermeras y 148 de otras \u00e1reas.<\/p>\n\n\n\n<p>La\ndependencia Servicios de Salud de Oaxaca inform\u00f3 que la red hospitalaria del\nsector se encuentra al 56.7% de ocupaci\u00f3n de su capacidad total en la entidad.<\/p>\n\n\n\n<p>En un comunicado, hizo un llamado a la sociedad oaxaque\u00f1a para que contin\u00fae con las medidas de prevenci\u00f3n y aislamiento, \u201ca fin de evitar llegar al colapso en la atenci\u00f3n m\u00e9dica por la pandemia\u201d.<\/p>\n\n\n\n<figure class=\"wp-block-image\"><img decoding=\"async\" width=\"1024\" height=\"561\" src=\"http:\/\/www.zonaroja.com.mx\/wp-content\/uploads\/2020\/06\/SSO-2-6-1024x561.jpeg\" alt=\"\" class=\"wp-image-13829\" srcset=\"https:\/\/zonaroja.com.mx\/wp-content\/uploads\/2020\/06\/SSO-2-6-1024x561.jpeg 1024w, https:\/\/zonaroja.com.mx\/wp-content\/uploads\/2020\/06\/SSO-2-6-300x164.jpeg 300w, https:\/\/zonaroja.com.mx\/wp-content\/uploads\/2020\/06\/SSO-2-6-768x421.jpeg 768w, https:\/\/zonaroja.com.mx\/wp-content\/uploads\/2020\/06\/SSO-2-6-1170x641.jpeg 1170w, https:\/\/zonaroja.com.mx\/wp-content\/uploads\/2020\/06\/SSO-2-6-585x320.jpeg 585w, https:\/\/zonaroja.com.mx\/wp-content\/uploads\/2020\/06\/SSO-2-6.jpeg 1280w\" sizes=\"(max-width: 1024px) 100vw, 1024px\" \/><\/figure>\n\n\n\n<p>Asimismo,\nagreg\u00f3 que a la fecha se reportan 124 nuevos casos de Covid-19, \u00e9stos en 36\nmunicipios, con lo que se tiene un acumulado de tres mil 318 personas que se\ncontagiaron del virus, de los cuales se mantienen \u00fanicamente 523 activos\nactualmente.<\/p>\n\n\n\n<p>Dijo\nque se realizaron seis mil 529 pruebas para la detecci\u00f3n de la patolog\u00eda\nv\u00edrica, de \u00e9stas dos mil 493 resultaron negativas, 718 est\u00e1n como sospechosas y\ndos mil 407 se han recuperado del padecimiento.<\/p>\n\n\n\n<p>Lament\u00f3\nque este martes se sumaron a las estad\u00edsticas 23 fallecimientos m\u00e1s, por lo que\nse tiene un registro acumulado de 388 decesos a causa de la emergencia\nsanitaria en el territorio oaxaque\u00f1o.<\/p>\n\n\n\n<p>A\u00f1adi\u00f3\nque las localidades con mayor transmisi\u00f3n de la enfermedad, se ubican en los\nmunicipios de Oaxaca de Ju\u00e1rez, Santa Cruz Xoxocotl\u00e1n, San Juan Bautista\nTuxtepec, Putla Villa de Guerrero, Santa Luc\u00eda del Camino y Santa Mar\u00eda\nAtzompa, por mencionar algunos.<\/p>\n\n\n\n<p>Finalmente,\nenfatiz\u00f3 que Oaxaca contin\u00faa en la Fase 3 del curso de la pandemia, que corresponde\na la clasificaci\u00f3n de m\u00e1ximo riesgo de contagio, ante lo cual, exhort\u00f3 a las y\nlos oaxaque\u00f1os a sumarse a la iniciativa de quedarse en casa si no es necesario\nsalir, as\u00ed como mantener las acciones de sana distancia, uso de cubrebocas e\nhigiene de manos.<\/p>\n","protected":false},"excerpt":{"rendered":"<p>Redacci\u00f3n\/Zona Roja. Oaxaca de Ju\u00e1rez, Oax. 16 de junio de 2020.- En las \u00faltimas 24&hellip;<\/p>\n","protected":false},"author":2,"featured_media":13828,"comment_status":"closed","ping_status":"open","sticky":false,"template":"","format":"standard","meta":{"_lmt_disableupdate":"","_lmt_disable":"","_jetpack_memberships_contains_paid_content":false,"footnotes":""},"categories":[109,47],"tags":[1512],"class_list":["post-13827","post","type-post","status-publish","format-standard","has-post-thumbnail","hentry","category-minuto-a-minuto","category-zona-gris","tag-coronavirus-oaxaca"],"jetpack_featured_media_url":"https:\/\/zonaroja.com.mx\/wp-content\/uploads\/2020\/06\/SSO-1-5.jpeg","jetpack_sharing_enabled":true,"_links":{"self":[{"href":"https:\/\/zonaroja.com.mx\/index.php?rest_route=\/wp\/v2\/posts\/13827","targetHints":{"allow":["GET"]}}],"collection":[{"href":"https:\/\/zonaroja.com.mx\/index.php?rest_route=\/wp\/v2\/posts"}],"about":[{"href":"https:\/\/zonaroja.com.mx\/index.php?rest_route=\/wp\/v2\/types\/post"}],"author":[{"embeddable":true,"href":"https:\/\/zonaroja.com.mx\/index.php?rest_route=\/wp\/v2\/users\/2"}],"replies":[{"embeddable":true,"href":"https:\/\/zonaroja.com.mx\/index.php?rest_route=%2Fwp%2Fv2%2Fcomments&post=13827"}],"version-history":[{"count":1,"href":"https:\/\/zonaroja.com.mx\/index.php?rest_route=\/wp\/v2\/posts\/13827\/revisions"}],"predecessor-version":[{"id":13830,"href":"https:\/\/zonaroja.com.mx\/index.php?rest_route=\/wp\/v2\/posts\/13827\/revisions\/13830"}],"wp:featuredmedia":[{"embeddable":true,"href":"https:\/\/zonaroja.com.mx\/index.php?rest_route=\/wp\/v2\/media\/13828"}],"wp:attachment":[{"href":"https:\/\/zonaroja.com.mx\/index.php?rest_route=%2Fwp%2Fv2%2Fmedia&parent=13827"}],"wp:term":[{"taxonomy":"category","embeddable":true,"href":"https:\/\/zonaroja.com.mx\/index.php?rest_route=%2Fwp%2Fv2%2Fcategories&post=13827"},{"taxonomy":"post_tag","embeddable":true,"href":"https:\/\/zonaroja.com.mx\/index.php?rest_route=%2Fwp%2Fv2%2Ftags&post=13827"}],"curies":[{"name":"wp","href":"https:\/\/api.w.org\/{rel}","templated":true}]}}