{"id":13831,"date":"2020-06-16T22:23:37","date_gmt":"2020-06-17T03:23:37","guid":{"rendered":"http:\/\/www.zonaroja.com.mx\/?p=13831"},"modified":"2020-06-16T22:23:41","modified_gmt":"2020-06-17T03:23:41","slug":"y-36-horas-despues-de-la-denuncia-de-consorcio-fiscalia-dice-que-investiga","status":"publish","type":"post","link":"https:\/\/zonaroja.com.mx\/?p=13831","title":{"rendered":"Y 36 horas despu\u00e9s de la denuncia de Consorcio, Fiscal\u00eda dice que investiga"},"content":{"rendered":"\n<p>Redacci\u00f3n\/Zona\nRoja.<\/p>\n\n\n\n<p>Oaxaca\nde Ju\u00e1rez, Oax., 16 de junio de 2020.- Treinta y seis horas despu\u00e9s de la\ndenuncia de los hechos, la Fiscal\u00eda General del Estado de Oaxaca (FGEO) inform\u00f3\nque dio inici\u00f3 la Carpeta de Investigaci\u00f3n 18545\/FVCE\/OAXACA\/2020 por los\nhechos registrados el pasado 15 de junio en el exterior de las oficinas de\nConsorcio Oaxaca. <\/p>\n\n\n\n<p>En\nun comunicado, dijo que \u201cse report\u00f3 el hallazgo de una bolsa de nylon con\nrestos \u00f3seos de una especie animal en descomposici\u00f3n y un mensaje amenazante\nfrente a las oficinas de la organizaci\u00f3n Consorcio para el Di\u00e1logo\nParlamentario y la Equidad Oaxaca, ubicadas en la colonia Reforma, ciudad de\nOaxaca de Ju\u00e1rez\u201d.<\/p>\n\n\n\n<p>No\nobstante, no precis\u00f3 la hora en que fueron dejados los restos con una cartulina\ncon un mensaje amenazante.<\/p>\n\n\n\n<p>\u201cDesde\nel momento en que se reportaron estos hechos, la instituci\u00f3n inici\u00f3 una\nexhaustiva y diligente investigaci\u00f3n, desplegando a Ministerios P\u00fablicos, agentes\nEstatales de Investigaci\u00f3n y peritos, quienes intervinieron en el lugar para\nrealizar inspecciones oculares, recolecci\u00f3n de indicios, tomas de fotograf\u00edas y\npruebas de lofoscop\u00eda\u201d, dijo, lo cual ha contradicho Consorcio en el transcurso\nde este martes, que ha exigido la intervenci\u00f3n de las autoridades estatales y\nfederales.<\/p>\n\n\n\n<p>En\nel bolet\u00edn, emitido a las 18:19 horas de hoy, expuso que el agente del\nMinisterio P\u00fablico de la Fiscal\u00eda General dict\u00f3 medidas de protecci\u00f3n en favor\nde la organizaci\u00f3n Consorcio para el Di\u00e1logo Parlamentario y la Equidad Oaxaca,\npor lo cual gir\u00f3 oficio ordenando a la Secretar\u00eda de Seguridad P\u00fablica y a la\nPolic\u00eda Municipal para que elementos policiales den cumplimiento inmediato a\nlas mismas.<\/p>\n\n\n\n<p>\u201cLa\ninstituci\u00f3n de procuraci\u00f3n de justicia exhorta respetuosamente a la directiva e\nintegrantes de Consorcio para el Di\u00e1logo Parlamentario y la Equidad Oaxaca para\npresentar la denuncia ante la representaci\u00f3n social y colaborar con las\ninvestigaciones que se llevan a cabo, a fin de fincar las responsabilidades que\ncorrespondan\u201d, agreg\u00f3. <\/p>\n\n\n\n<p>Consorcio\ndenunci\u00f3 ayer en un comunicado que los hechos sucedieron alrededor de las 08:40\nhoras del lunes en sus oficinas ubicadas en la calle \u00c1lamos de la colonia\nReforma, ciudad de Oaxaca.<\/p>\n","protected":false},"excerpt":{"rendered":"<p>Redacci\u00f3n\/Zona Roja. Oaxaca de Ju\u00e1rez, Oax., 16 de junio de 2020.- Treinta y seis horas&hellip;<\/p>\n","protected":false},"author":2,"featured_media":13766,"comment_status":"closed","ping_status":"open","sticky":false,"template":"","format":"standard","meta":{"_lmt_disableupdate":"","_lmt_disable":"","_jetpack_memberships_contains_paid_content":false,"footnotes":""},"categories":[109,47],"tags":[1093],"class_list":["post-13831","post","type-post","status-publish","format-standard","has-post-thumbnail","hentry","category-minuto-a-minuto","category-zona-gris","tag-consorcio-para-el-dialogo-oaxaca"],"jetpack_featured_media_url":"https:\/\/zonaroja.com.mx\/wp-content\/uploads\/2020\/06\/Cabeza-sede-Consorcio.jpg","jetpack_sharing_enabled":true,"_links":{"self":[{"href":"https:\/\/zonaroja.com.mx\/index.php?rest_route=\/wp\/v2\/posts\/13831","targetHints":{"allow":["GET"]}}],"collection":[{"href":"https:\/\/zonaroja.com.mx\/index.php?rest_route=\/wp\/v2\/posts"}],"about":[{"href":"https:\/\/zonaroja.com.mx\/index.php?rest_route=\/wp\/v2\/types\/post"}],"author":[{"embeddable":true,"href":"https:\/\/zonaroja.com.mx\/index.php?rest_route=\/wp\/v2\/users\/2"}],"replies":[{"embeddable":true,"href":"https:\/\/zonaroja.com.mx\/index.php?rest_route=%2Fwp%2Fv2%2Fcomments&post=13831"}],"version-history":[{"count":1,"href":"https:\/\/zonaroja.com.mx\/index.php?rest_route=\/wp\/v2\/posts\/13831\/revisions"}],"predecessor-version":[{"id":13832,"href":"https:\/\/zonaroja.com.mx\/index.php?rest_route=\/wp\/v2\/posts\/13831\/revisions\/13832"}],"wp:featuredmedia":[{"embeddable":true,"href":"https:\/\/zonaroja.com.mx\/index.php?rest_route=\/wp\/v2\/media\/13766"}],"wp:attachment":[{"href":"https:\/\/zonaroja.com.mx\/index.php?rest_route=%2Fwp%2Fv2%2Fmedia&parent=13831"}],"wp:term":[{"taxonomy":"category","embeddable":true,"href":"https:\/\/zonaroja.com.mx\/index.php?rest_route=%2Fwp%2Fv2%2Fcategories&post=13831"},{"taxonomy":"post_tag","embeddable":true,"href":"https:\/\/zonaroja.com.mx\/index.php?rest_route=%2Fwp%2Fv2%2Ftags&post=13831"}],"curies":[{"name":"wp","href":"https:\/\/api.w.org\/{rel}","templated":true}]}}