{"id":13833,"date":"2020-06-17T08:04:05","date_gmt":"2020-06-17T13:04:05","guid":{"rendered":"http:\/\/www.zonaroja.com.mx\/?p=13833"},"modified":"2020-06-17T08:04:08","modified_gmt":"2020-06-17T13:04:08","slug":"incumple-gobierno-con-instalacion-del-sistema-de-cultura-fisica-y-deporte","status":"publish","type":"post","link":"https:\/\/zonaroja.com.mx\/?p=13833","title":{"rendered":"Incumple gobierno con instalaci\u00f3n del Sistema de Cultura F\u00edsica y Deporte"},"content":{"rendered":"\n<p>Redacci\u00f3n\/Zona\nRoja.<\/p>\n\n\n\n<p>Oaxaca\nde Ju\u00e1rez, Oax., 17 de junio de 2020.-A trav\u00e9s de un Punto de Acuerdo,\npresentado ante la Diputaci\u00f3n Permanente, el Congreso del Estado exhorta al\nPoder Ejecutivo Estatal, a instalar a la brevedad el Sistema Estatal de Cultura\nF\u00edsica y Deporte.<\/p>\n\n\n\n<p>La\npropuesta impulsada por el diputado, Oth\u00f3n Cuevas C\u00f3rdova, se\u00f1ala que el pasado\n22 de octubre fue publicado en el Extra del Peri\u00f3dico Oficial del Estado de\nOaxaca, el decreto n\u00famero 795 de fecha 18 de septiembre de 2019, mediante el\ncual, se expidi\u00f3 la Ley de Cultura F\u00edsica y Deporte.<\/p>\n\n\n\n<p>Adem\u00e1s,\nen el Art\u00edculo D\u00e9cimo Transitorio de dicho ordenamiento que crea el Instituto\nde Cultura F\u00edsica y Deporte, se establece la constituci\u00f3n, instalaci\u00f3n y\nsesi\u00f3n, en un plazo no mayor a 90 d\u00edas naturales, del Sistema Estatal en la\nmateria; sin embargo, es la fecha que no se ha integrado ni organizado.<\/p>\n\n\n\n<p>Este\ninstrumento jur\u00eddico estipula que al Sistema Estatal de Cultura F\u00edsica y\nDeporte le corresponde: proponer planes y programas con perspectiva de g\u00e9nero\nbajo el principio de igualdad de oportunidades, entre hombres y mujeres,\ncontribuyendo a fomentar, promover y estimular el desarrollo de la activaci\u00f3n,\ncultura f\u00edsica y el deporte.<\/p>\n\n\n\n<p>El\ndocumento a\u00f1ade que dicho sistema deber\u00e1 considerar el pleno reconocimiento a\nla equidad e igualdad hacia las personas con discapacidad. Por ello, solicita\nal titular del Poder Ejecutivo, instalar cuanto antes el Sistema en la materia.<\/p>\n\n\n\n<p>La\npropuesta presentada a la Diputaci\u00f3n Permanente fue turnada a la Comisi\u00f3n\nPermanente Correspondiente para su an\u00e1lisis y dictamen.<\/p>\n","protected":false},"excerpt":{"rendered":"<p>Redacci\u00f3n\/Zona Roja. Oaxaca de Ju\u00e1rez, Oax., 17 de junio de 2020.-A trav\u00e9s de un Punto&hellip;<\/p>\n","protected":false},"author":2,"featured_media":13834,"comment_status":"closed","ping_status":"open","sticky":false,"template":"","format":"standard","meta":{"_lmt_disableupdate":"","_lmt_disable":"","_jetpack_memberships_contains_paid_content":false,"footnotes":""},"categories":[109,47],"tags":[1311],"class_list":["post-13833","post","type-post","status-publish","format-standard","has-post-thumbnail","hentry","category-minuto-a-minuto","category-zona-gris","tag-othon-cuevas-cordova"],"jetpack_featured_media_url":"https:\/\/zonaroja.com.mx\/wp-content\/uploads\/2020\/06\/FOTO-1.1-Diputado-por-el-Distrito-XII-de-Santa-Luc\u00eda-del-Camino-Oth\u00f3n-Cuevas-C\u00f3rdova.jpg","jetpack_sharing_enabled":true,"_links":{"self":[{"href":"https:\/\/zonaroja.com.mx\/index.php?rest_route=\/wp\/v2\/posts\/13833","targetHints":{"allow":["GET"]}}],"collection":[{"href":"https:\/\/zonaroja.com.mx\/index.php?rest_route=\/wp\/v2\/posts"}],"about":[{"href":"https:\/\/zonaroja.com.mx\/index.php?rest_route=\/wp\/v2\/types\/post"}],"author":[{"embeddable":true,"href":"https:\/\/zonaroja.com.mx\/index.php?rest_route=\/wp\/v2\/users\/2"}],"replies":[{"embeddable":true,"href":"https:\/\/zonaroja.com.mx\/index.php?rest_route=%2Fwp%2Fv2%2Fcomments&post=13833"}],"version-history":[{"count":1,"href":"https:\/\/zonaroja.com.mx\/index.php?rest_route=\/wp\/v2\/posts\/13833\/revisions"}],"predecessor-version":[{"id":13835,"href":"https:\/\/zonaroja.com.mx\/index.php?rest_route=\/wp\/v2\/posts\/13833\/revisions\/13835"}],"wp:featuredmedia":[{"embeddable":true,"href":"https:\/\/zonaroja.com.mx\/index.php?rest_route=\/wp\/v2\/media\/13834"}],"wp:attachment":[{"href":"https:\/\/zonaroja.com.mx\/index.php?rest_route=%2Fwp%2Fv2%2Fmedia&parent=13833"}],"wp:term":[{"taxonomy":"category","embeddable":true,"href":"https:\/\/zonaroja.com.mx\/index.php?rest_route=%2Fwp%2Fv2%2Fcategories&post=13833"},{"taxonomy":"post_tag","embeddable":true,"href":"https:\/\/zonaroja.com.mx\/index.php?rest_route=%2Fwp%2Fv2%2Ftags&post=13833"}],"curies":[{"name":"wp","href":"https:\/\/api.w.org\/{rel}","templated":true}]}}