{"id":13836,"date":"2020-06-17T08:09:41","date_gmt":"2020-06-17T13:09:41","guid":{"rendered":"http:\/\/www.zonaroja.com.mx\/?p=13836"},"modified":"2020-06-17T08:09:44","modified_gmt":"2020-06-17T13:09:44","slug":"pese-a-quejas-ante-defensoria-ieepo-sigue-hostigamiento-a-trabajadora","status":"publish","type":"post","link":"https:\/\/zonaroja.com.mx\/?p=13836","title":{"rendered":"Pese a quejas ante Defensor\u00eda, IEEPO sigue hostigamiento a trabajadora"},"content":{"rendered":"\n<p>Redacci\u00f3n\/Zona\nRoja.<\/p>\n\n\n\n<p>Oaxaca\nde Ju\u00e1rez, Oax., 17 de junio de 2020.- Una trabajadora, adscrita como docente\nal Instituto Estatal de Educaci\u00f3n P\u00fablica de Oaxaca (IEEPO), acus\u00f3 que pese a\nlas constantes denuncias y quejas que ha presentado ante la Defensor\u00eda de los\nDerechos Humanos de Oaxaca e incluso al Sistema DIF de la entidad, funcionarios\nde la dependencia estatal encargada de la pol\u00edtica educativa mantienen una\ncampa\u00f1a de hostigamiento en su contra.<\/p>\n\n\n\n<p>Con\nla aportaci\u00f3n de diversos oficios y quejas a diversas instancias, la mujer Quien\npidi\u00f3 se omite el nombre para evitar m\u00e1s represalias, refiri\u00f3 que todo comenz\u00f3\nen el 2019 cuando fue separada de su lugar de adscripci\u00f3n y cambiada de nivel\npor parte de la titular de Unidad de Educaci\u00f3n Secundaria del IEEPO, Tania\nLizbeth Luna Alvarado, raz\u00f3n por la que acudi\u00f3 a diferentes instancias para que\nse le respetaran sus derechos laborales.<\/p>\n\n\n\n<p>\u201cMe\npreocupa que me deje en un estado de indefensi\u00f3n e incluso temo que pueda\nlevantar un acta de abandono de empleo o pueda iniciar un procedimiento\nadministrativo en mi contra in causa justificada\u201d reiter\u00f3 la denunciante en un\ndocumento firmado con pu\u00f1o y letra en poder de ZONA ROJA.<\/p>\n\n\n\n<p>La\nmujer refiere que ha sido objeto de discriminaci\u00f3n, deshonestidad y falsas\nacusaciones, por parte de Luna Alvarado, quien adem\u00e1s act\u00faa en presunta alianza\ncon Sof\u00eda D\u00edaz Morales, directora de la Telesecundaria, ubicada en la colonia\nCa\u00f1ada de Santa Mar\u00eda Atzompa, quien ha dado cuenta del \u201cmal desempe\u00f1o\u201d que\noblig\u00f3 a poner a la trabajadora a disposici\u00f3n de la Coordinaci\u00f3n de\nTelesecundarias, perteneciente a la Unidad de Secundarias.<\/p>\n\n\n\n<p>As\u00ed\nmismo, denunci\u00f3 que la Defensor\u00eda no ha actuado de forma imparcial, ya que\ndesde el mes de octubre como quejosa ha pedido copia de su expediente, sin\nembargo, la respuesta de la instancia ha sido que las copiadoras est\u00e1n\ndescompuestas; as\u00ed mismo le ha notificado de un d\u00eda para otro una reuni\u00f3n que\nsostendr\u00eda con la autoridad del IEEPO.<\/p>\n\n\n\n<p>\u201cLa\ndefensor\u00eda le ha proporcionado a los acusados, todas las facilidades para\nrealizar mesas de trabajo y acuerdos sin mi presencia. Est\u00e1n apoyando todos los\nactos de corrupci\u00f3n de la titular de la Unidad de Educaci\u00f3n Secundaria\u201d, dijo.<\/p>\n\n\n\n<p>Por\nlo anterior y con fecha 15 de enero refiri\u00f3 un nuevo oficio a la DDHPO donde\npidi\u00f3 le vuelvan a instruir al titular del IEEPO, Francisco \u00c1ngel Villarreal,\nrinda un informe en el que explique por qu\u00e9 la titular de la Unidad de\nEducaci\u00f3n Secundaria hizo caso omiso a la queja realizada y la recomendaci\u00f3n\nemitida por la instancia para que atienda su caso, que incluye el pago de\nsalarios pendientes. <\/p>\n\n\n\n<p>\u201cElla\nmisma fue la causante que yo no pudiera hacer mi cambio de adscripci\u00f3n desde el\nmes de febrero del 2019\u201d, dijo la quejosa.<\/p>\n","protected":false},"excerpt":{"rendered":"<p>Redacci\u00f3n\/Zona Roja. Oaxaca de Ju\u00e1rez, Oax., 17 de junio de 2020.- Una trabajadora, adscrita como&hellip;<\/p>\n","protected":false},"author":2,"featured_media":13837,"comment_status":"closed","ping_status":"open","sticky":false,"template":"","format":"standard","meta":{"_lmt_disableupdate":"","_lmt_disable":"","_jetpack_memberships_contains_paid_content":false,"footnotes":""},"categories":[109,47],"tags":[599],"class_list":["post-13836","post","type-post","status-publish","format-standard","has-post-thumbnail","hentry","category-minuto-a-minuto","category-zona-gris","tag-instituto-estatal-de-educacion-publica-de-oaxaca"],"jetpack_featured_media_url":"https:\/\/zonaroja.com.mx\/wp-content\/uploads\/2020\/06\/Caso-Paola.jpg","jetpack_sharing_enabled":true,"_links":{"self":[{"href":"https:\/\/zonaroja.com.mx\/index.php?rest_route=\/wp\/v2\/posts\/13836","targetHints":{"allow":["GET"]}}],"collection":[{"href":"https:\/\/zonaroja.com.mx\/index.php?rest_route=\/wp\/v2\/posts"}],"about":[{"href":"https:\/\/zonaroja.com.mx\/index.php?rest_route=\/wp\/v2\/types\/post"}],"author":[{"embeddable":true,"href":"https:\/\/zonaroja.com.mx\/index.php?rest_route=\/wp\/v2\/users\/2"}],"replies":[{"embeddable":true,"href":"https:\/\/zonaroja.com.mx\/index.php?rest_route=%2Fwp%2Fv2%2Fcomments&post=13836"}],"version-history":[{"count":1,"href":"https:\/\/zonaroja.com.mx\/index.php?rest_route=\/wp\/v2\/posts\/13836\/revisions"}],"predecessor-version":[{"id":13838,"href":"https:\/\/zonaroja.com.mx\/index.php?rest_route=\/wp\/v2\/posts\/13836\/revisions\/13838"}],"wp:featuredmedia":[{"embeddable":true,"href":"https:\/\/zonaroja.com.mx\/index.php?rest_route=\/wp\/v2\/media\/13837"}],"wp:attachment":[{"href":"https:\/\/zonaroja.com.mx\/index.php?rest_route=%2Fwp%2Fv2%2Fmedia&parent=13836"}],"wp:term":[{"taxonomy":"category","embeddable":true,"href":"https:\/\/zonaroja.com.mx\/index.php?rest_route=%2Fwp%2Fv2%2Fcategories&post=13836"},{"taxonomy":"post_tag","embeddable":true,"href":"https:\/\/zonaroja.com.mx\/index.php?rest_route=%2Fwp%2Fv2%2Ftags&post=13836"}],"curies":[{"name":"wp","href":"https:\/\/api.w.org\/{rel}","templated":true}]}}